{"id":16062,"date":"2024-01-09T20:51:30","date_gmt":"2024-01-09T23:51:30","guid":{"rendered":"https:\/\/maxradio923.com.ar\/index.php\/2024\/01\/09\/adorni-si-no-se-aprueba-la-ley-vamos-a-seguir-en-la-decadencia\/"},"modified":"2024-01-09T20:51:30","modified_gmt":"2024-01-09T23:51:30","slug":"adorni-si-no-se-aprueba-la-ley-vamos-a-seguir-en-la-decadencia","status":"publish","type":"post","link":"https:\/\/maxradio923.com.ar\/index.php\/2024\/01\/09\/adorni-si-no-se-aprueba-la-ley-vamos-a-seguir-en-la-decadencia\/","title":{"rendered":"Adorni: \u00abSi no se aprueba la ley vamos a seguir en la decadencia\u00bb"},"content":{"rendered":"<p><img decoding=\"async\" src=\"https:\/\/diariod3.com\/wp-content\/uploads\/2023\/12\/Manuel-Adorni-181223.jpg\"\/><\/p>\n<p>El vocero presidencial, Manuel Adorni, asegur\u00f3 este martes que <strong>\u201ccuesta entender c\u00f3mo algunos no quieren ver los cambios que propone\u00bb <\/strong>el Ejecutivo, y asegur\u00f3 que el Gobierno quiere \u201cque la pol\u00edtica entienda\u201d, al referirse a la aprobaci\u00f3n de la denominada ley \u00f3mnibus.<\/p>\n<p><strong>\u00abNo negociamos el contenido de la ley, pero aceptamos todas las sugerencias. Todo lo que cambie la vida en material de libertad va a ser escuchado\u00bb<\/strong>, reiter\u00f3 Adorni en conferencia de prensa desde Casa de Gobierno.<\/p>\n<p>El funcionario consider\u00f3 que el DNU que busca desregular la econom\u00eda <strong>\u201cno presenta aspectos inconstitucionales\u201d,<\/strong> y afirm\u00f3 que el Gobierno \u201cest\u00e1 en un camino de entendimiento\u201d como para que se apruebe en el Congreso la \u201cley \u00f3mnibus\u201d.<\/p>\n<p><strong>\u201cSi no se aprueba la ley no vamos a salir de la pobreza; no recibiremos inversiones ni podremos superar la encerrona inflacionaria. Vamos a seguir en la decadencia<\/strong>\u201d, agreg\u00f3.<\/p>\n<p>El funcionario tambi\u00e9n asegur\u00f3 que <strong>\u201cel Gobierno est\u00e1 convencido de d\u00f3nde quiere ir\u201d<\/strong> con la ley de \u201cBases y Puntos de Partida para la Libertad de los Argentinos\u201d y que su aprobaci\u00f3n <strong>\u201cdepende del Congreso para evitar el desastre\u201d.<\/strong><\/p>\n<p>Consultado sobre las subas en las cotizaciones de \u00ablos d\u00f3lares financieros\u00bb de los \u00faltimos d\u00edas, insisti\u00f3 que son \u00ab<strong>una muestra gratis\u00bb<\/strong> de lo que puede pasar en el mercado de cambios y la econom\u00eda en general, si el Congreso no aprueba el proyecto de ley.<\/p>\n<p>\u00abHacemos nuestra parte y necesitamos que la pol\u00edtica haga su parte; sabemos y estamos convencidos de hacia d\u00f3nde vamos si la ley se aprueba y hacia d\u00f3nde vamos si la ley no se aprueba\u00bb, advirti\u00f3 Adorni.<\/p>\n<p>Asimismo, consider\u00f3 que el Gobierno del expresidente Alberto Fern\u00e1ndez <strong>\u00abdefaulte\u00f3 la deuda con los importadores\u00bb<\/strong>, a quienes \u00ables prometi\u00f3 los d\u00f3lares y nunca se los dio\u00bb.<\/p>\n<p>El portavoz se refiri\u00f3 en su introducci\u00f3n a \u00abalguna repercusi\u00f3n en la cotizaci\u00f3n de los tipos de cambio\u00bb, y remarc\u00f3 que \u00abno es un tema menor cuando las cosas se hacen bien y tampoco cuando se hacen mal\u00bb.<\/p>\n<p>En ese sentido, cit\u00f3 <strong>\u00ablas famosas medidas de urgencia del ministro (de Econom\u00eda, Luis) Caputo<\/strong>\u00ab, con las que se logr\u00f3 \u00abestabilizar algunas variables de la econom\u00eda\u00bb.<\/p>\n<p>No obstante, mencion\u00f3 que en los \u00faltimos d\u00edas hubo una serie de \u00abrumores que generaron que los d\u00f3lares financieros salten, en n\u00fameros redondos, de los $ 900 a los $ 1.200\u00bb, en una din\u00e1mica que atribuy\u00f3 a lo que puede ocurrir si \u00abla pol\u00edtica no acompa\u00f1a\u00bb los cambios planteados por el Gobierno.<\/p>\n<p><strong>\u00abEl que se apruebe o no la ley depende exclusivamente del Congreso Nacional y de la pol\u00edtica que all\u00ed est\u00e1 representada\u00bb<\/strong>, reiter\u00f3.<\/p>\n<p>Fuente: T\u00e9lam<br \/>\nOp: Rivero Cecilia<\/p>\n","protected":false},"excerpt":{"rendered":"<p>El vocero presidencial, Manuel Adorni, asegur\u00f3 este martes que \u201ccuesta entender c\u00f3mo algunos no quieren ver los cambios que propone\u00bb el Ejecutivo, y asegur\u00f3 que el Gobierno quiere \u201cque la pol\u00edtica entienda\u201d, al referirse a la aprobaci\u00f3n de la denominada ley \u00f3mnibus.<\/p>\n<p>\u00abNo negociamos el contenido de la ley, pero aceptamos todas las sugerencias. Todo lo que cambie la vida en material de libertad va a ser escuchado\u00bb, reiter\u00f3 Adorni en conferencia de prensa desde Casa de Gobierno.<\/p>\n<p>El funcionario consider\u00f3 que el DNU que busca desregular la econom\u00eda \u201cno presenta aspectos inconstitucionales\u201d, y afirm\u00f3 que el Gobierno \u201cest\u00e1 en un camino de entendimiento\u201d como para que se apruebe en el Congreso la \u201cley \u00f3mnibus\u201d.<\/p>\n<p>\u201cSi no se aprueba la ley no vamos a salir de la pobreza; no recibiremos inversiones ni podremos superar la encerrona inflacionaria. Vamos a seguir en la decadencia\u201d, agreg\u00f3.<\/p>\n<p>El funcionario tambi\u00e9n asegur\u00f3 que \u201cel Gobierno est\u00e1 convencido de d\u00f3nde quiere ir\u201d con la ley de \u201cBases y Pun..<\/p>\n","protected":false},"author":2,"featured_media":16063,"comment_status":"","ping_status":"","sticky":false,"template":"","format":"standard","meta":{"footnotes":""},"categories":[12],"tags":[],"_links":{"self":[{"href":"https:\/\/maxradio923.com.ar\/index.php\/wp-json\/wp\/v2\/posts\/16062"}],"collection":[{"href":"https:\/\/maxradio923.com.ar\/index.php\/wp-json\/wp\/v2\/posts"}],"about":[{"href":"https:\/\/maxradio923.com.ar\/index.php\/wp-json\/wp\/v2\/types\/post"}],"author":[{"embeddable":true,"href":"https:\/\/maxradio923.com.ar\/index.php\/wp-json\/wp\/v2\/users\/2"}],"replies":[{"embeddable":true,"href":"https:\/\/maxradio923.com.ar\/index.php\/wp-json\/wp\/v2\/comments?post=16062"}],"version-history":[{"count":0,"href":"https:\/\/maxradio923.com.ar\/index.php\/wp-json\/wp\/v2\/posts\/16062\/revisions"}],"wp:featuredmedia":[{"embeddable":true,"href":"https:\/\/maxradio923.com.ar\/index.php\/wp-json\/wp\/v2\/media\/16063"}],"wp:attachment":[{"href":"https:\/\/maxradio923.com.ar\/index.php\/wp-json\/wp\/v2\/media?parent=16062"}],"wp:term":[{"taxonomy":"category","embeddable":true,"href":"https:\/\/maxradio923.com.ar\/index.php\/wp-json\/wp\/v2\/categories?post=16062"},{"taxonomy":"post_tag","embeddable":true,"href":"https:\/\/maxradio923.com.ar\/index.php\/wp-json\/wp\/v2\/tags?post=16062"}],"curies":[{"name":"wp","href":"https:\/\/api.w.org\/{rel}","templated":true}]}}