{"id":16055,"date":"2024-01-09T20:51:09","date_gmt":"2024-01-09T23:51:09","guid":{"rendered":"https:\/\/maxradio923.com.ar\/index.php\/2024\/01\/09\/crimen-de-tomas-tello-liberaron-a-los-dos-menores-que-no-fueron-reconocidos-por-los-testigos\/"},"modified":"2024-01-09T20:51:09","modified_gmt":"2024-01-09T23:51:09","slug":"crimen-de-tomas-tello-liberaron-a-los-dos-menores-que-no-fueron-reconocidos-por-los-testigos","status":"publish","type":"post","link":"https:\/\/maxradio923.com.ar\/index.php\/2024\/01\/09\/crimen-de-tomas-tello-liberaron-a-los-dos-menores-que-no-fueron-reconocidos-por-los-testigos\/","title":{"rendered":"Crimen de Tom\u00e1s Tello: liberaron a los dos menores que no fueron reconocidos por los testigos"},"content":{"rendered":"<ul>\n<li>Ambos estaban imputados por el crimen del chico de 18 a\u00f1os en Santa Teresita, ocurrido el primero de enero.<\/li>\n<li>M\u00e1s all\u00e1 de ser excarcelados, seguir\u00e1n imputados como part\u00edcipes necesarios del homicidio.<\/li>\n<\/ul>\n","protected":false},"excerpt":{"rendered":"<p>Ambos estaban imputados por el crimen del chico de 18 a\u00f1os en Santa Teresita, ocurrido el primero de enero.M\u00e1s all\u00e1 de ser excarcelados, seguir\u00e1n imputados como part\u00edcipes necesarios del homicidio.<\/p>\n","protected":false},"author":2,"featured_media":16056,"comment_status":"","ping_status":"","sticky":false,"template":"","format":"standard","meta":{"footnotes":""},"categories":[6],"tags":[],"_links":{"self":[{"href":"https:\/\/maxradio923.com.ar\/index.php\/wp-json\/wp\/v2\/posts\/16055"}],"collection":[{"href":"https:\/\/maxradio923.com.ar\/index.php\/wp-json\/wp\/v2\/posts"}],"about":[{"href":"https:\/\/maxradio923.com.ar\/index.php\/wp-json\/wp\/v2\/types\/post"}],"author":[{"embeddable":true,"href":"https:\/\/maxradio923.com.ar\/index.php\/wp-json\/wp\/v2\/users\/2"}],"replies":[{"embeddable":true,"href":"https:\/\/maxradio923.com.ar\/index.php\/wp-json\/wp\/v2\/comments?post=16055"}],"version-history":[{"count":0,"href":"https:\/\/maxradio923.com.ar\/index.php\/wp-json\/wp\/v2\/posts\/16055\/revisions"}],"wp:featuredmedia":[{"embeddable":true,"href":"https:\/\/maxradio923.com.ar\/index.php\/wp-json\/wp\/v2\/media\/16056"}],"wp:attachment":[{"href":"https:\/\/maxradio923.com.ar\/index.php\/wp-json\/wp\/v2\/media?parent=16055"}],"wp:term":[{"taxonomy":"category","embeddable":true,"href":"https:\/\/maxradio923.com.ar\/index.php\/wp-json\/wp\/v2\/categories?post=16055"},{"taxonomy":"post_tag","embeddable":true,"href":"https:\/\/maxradio923.com.ar\/index.php\/wp-json\/wp\/v2\/tags?post=16055"}],"curies":[{"name":"wp","href":"https:\/\/api.w.org\/{rel}","templated":true}]}}