{"id":16039,"date":"2024-01-09T01:11:28","date_gmt":"2024-01-09T04:11:28","guid":{"rendered":"https:\/\/maxradio923.com.ar\/index.php\/2024\/01\/09\/jose-luis-espert-lanzo-una-advertencia-al-kirchnerismo-con-vistas-al-tratamiento-de-la-ley-omnibus-en-el-congreso-espero-que-esten-a-la-altura\/"},"modified":"2024-01-09T01:11:28","modified_gmt":"2024-01-09T04:11:28","slug":"jose-luis-espert-lanzo-una-advertencia-al-kirchnerismo-con-vistas-al-tratamiento-de-la-ley-omnibus-en-el-congreso-espero-que-esten-a-la-altura","status":"publish","type":"post","link":"https:\/\/maxradio923.com.ar\/index.php\/2024\/01\/09\/jose-luis-espert-lanzo-una-advertencia-al-kirchnerismo-con-vistas-al-tratamiento-de-la-ley-omnibus-en-el-congreso-espero-que-esten-a-la-altura\/","title":{"rendered":"Jos\u00e9 Luis Espert lanz\u00f3 una advertencia al kirchnerismo con vistas al tratamiento de la ley \u00f3mnibus en el Congreso: &#8220;Espero que est\u00e9n a la altura&#8221;"},"content":{"rendered":"<p><img decoding=\"async\" alt=\"Jos\u00e9 Luis Espert en su asunci\u00f3n como presidente de la Comisi\u00f3n de Presupuesto en Diputados. Foto: Fernando de la Orden.\" src=\"https:\/\/www.clarin.com\/img\/2024\/01\/04\/Qi0DRrz8e_720x0__1.jpg\"\/>Jos\u00e9 Luis Espert en su asunci\u00f3n como presidente de la Comisi\u00f3n de Presupuesto en Diputados. Foto: Fernando de la Orden.<img decoding=\"async\" alt=\"Jos\u00e9 Luis Espert respondi\u00f3 en\u00e9rgicamente a la presentaci\u00f3n del FIT.\" src=\"https:\/\/www.clarin.com\/img\/2024\/01\/08\/DVb90Pp82_720x0__1.jpg\"\/>Jos\u00e9 Luis Espert respondi\u00f3 en\u00e9rgicamente a la presentaci\u00f3n del FIT.<\/p>\n","protected":false},"excerpt":{"rendered":"<p>Jos\u00e9 Luis Espert en su asunci\u00f3n como presidente de la Comisi\u00f3n de Presupuesto en Diputados. Foto: Fernando de la Orden.Jos\u00e9 Luis Espert respondi\u00f3 en\u00e9rgicamente a la presentaci\u00f3n del FIT.<\/p>\n","protected":false},"author":2,"featured_media":16040,"comment_status":"","ping_status":"","sticky":false,"template":"","format":"standard","meta":{"footnotes":""},"categories":[7],"tags":[],"_links":{"self":[{"href":"https:\/\/maxradio923.com.ar\/index.php\/wp-json\/wp\/v2\/posts\/16039"}],"collection":[{"href":"https:\/\/maxradio923.com.ar\/index.php\/wp-json\/wp\/v2\/posts"}],"about":[{"href":"https:\/\/maxradio923.com.ar\/index.php\/wp-json\/wp\/v2\/types\/post"}],"author":[{"embeddable":true,"href":"https:\/\/maxradio923.com.ar\/index.php\/wp-json\/wp\/v2\/users\/2"}],"replies":[{"embeddable":true,"href":"https:\/\/maxradio923.com.ar\/index.php\/wp-json\/wp\/v2\/comments?post=16039"}],"version-history":[{"count":0,"href":"https:\/\/maxradio923.com.ar\/index.php\/wp-json\/wp\/v2\/posts\/16039\/revisions"}],"wp:featuredmedia":[{"embeddable":true,"href":"https:\/\/maxradio923.com.ar\/index.php\/wp-json\/wp\/v2\/media\/16040"}],"wp:attachment":[{"href":"https:\/\/maxradio923.com.ar\/index.php\/wp-json\/wp\/v2\/media?parent=16039"}],"wp:term":[{"taxonomy":"category","embeddable":true,"href":"https:\/\/maxradio923.com.ar\/index.php\/wp-json\/wp\/v2\/categories?post=16039"},{"taxonomy":"post_tag","embeddable":true,"href":"https:\/\/maxradio923.com.ar\/index.php\/wp-json\/wp\/v2\/tags?post=16039"}],"curies":[{"name":"wp","href":"https:\/\/api.w.org\/{rel}","templated":true}]}}