{"id":16035,"date":"2024-01-09T01:09:52","date_gmt":"2024-01-09T04:09:52","guid":{"rendered":"https:\/\/maxradio923.com.ar\/index.php\/2024\/01\/09\/el-actor-de-anatomia-de-una-caida-ganadora-del-globo-de-oro-acusado-de-violacion\/"},"modified":"2024-01-09T01:09:52","modified_gmt":"2024-01-09T04:09:52","slug":"el-actor-de-anatomia-de-una-caida-ganadora-del-globo-de-oro-acusado-de-violacion","status":"publish","type":"post","link":"https:\/\/maxradio923.com.ar\/index.php\/2024\/01\/09\/el-actor-de-anatomia-de-una-caida-ganadora-del-globo-de-oro-acusado-de-violacion\/","title":{"rendered":"El actor de Anatom\u00eda de una ca\u00edda, ganadora del Globo de Oro, acusado de violaci\u00f3n"},"content":{"rendered":"<ul>\n<li>Es Samuel Theis. Fue expulsado del rodaje de su nueva pel\u00edcula.<\/li>\n<li>Tambi\u00e9n era el director.<\/li>\n<\/ul>\n","protected":false},"excerpt":{"rendered":"<p>Es Samuel Theis. Fue expulsado del rodaje de su nueva pel\u00edcula. Tambi\u00e9n era el director.<\/p>\n","protected":false},"author":2,"featured_media":16036,"comment_status":"","ping_status":"","sticky":false,"template":"","format":"standard","meta":{"footnotes":""},"categories":[4],"tags":[],"_links":{"self":[{"href":"https:\/\/maxradio923.com.ar\/index.php\/wp-json\/wp\/v2\/posts\/16035"}],"collection":[{"href":"https:\/\/maxradio923.com.ar\/index.php\/wp-json\/wp\/v2\/posts"}],"about":[{"href":"https:\/\/maxradio923.com.ar\/index.php\/wp-json\/wp\/v2\/types\/post"}],"author":[{"embeddable":true,"href":"https:\/\/maxradio923.com.ar\/index.php\/wp-json\/wp\/v2\/users\/2"}],"replies":[{"embeddable":true,"href":"https:\/\/maxradio923.com.ar\/index.php\/wp-json\/wp\/v2\/comments?post=16035"}],"version-history":[{"count":0,"href":"https:\/\/maxradio923.com.ar\/index.php\/wp-json\/wp\/v2\/posts\/16035\/revisions"}],"wp:featuredmedia":[{"embeddable":true,"href":"https:\/\/maxradio923.com.ar\/index.php\/wp-json\/wp\/v2\/media\/16036"}],"wp:attachment":[{"href":"https:\/\/maxradio923.com.ar\/index.php\/wp-json\/wp\/v2\/media?parent=16035"}],"wp:term":[{"taxonomy":"category","embeddable":true,"href":"https:\/\/maxradio923.com.ar\/index.php\/wp-json\/wp\/v2\/categories?post=16035"},{"taxonomy":"post_tag","embeddable":true,"href":"https:\/\/maxradio923.com.ar\/index.php\/wp-json\/wp\/v2\/tags?post=16035"}],"curies":[{"name":"wp","href":"https:\/\/api.w.org\/{rel}","templated":true}]}}