{"id":16033,"date":"2024-01-09T01:07:27","date_gmt":"2024-01-09T04:07:27","guid":{"rendered":"https:\/\/maxradio923.com.ar\/index.php\/2024\/01\/09\/gobierno-propone-regularizar-deuda-en-obra-publica\/"},"modified":"2024-01-09T01:07:27","modified_gmt":"2024-01-09T04:07:27","slug":"gobierno-propone-regularizar-deuda-en-obra-publica","status":"publish","type":"post","link":"https:\/\/maxradio923.com.ar\/index.php\/2024\/01\/09\/gobierno-propone-regularizar-deuda-en-obra-publica\/","title":{"rendered":"Gobierno propone regularizar deuda en obra p\u00fablica"},"content":{"rendered":"<p><img decoding=\"async\" src=\"https:\/\/diariod3.com\/wp-content\/uploads\/2023\/11\/obra.jpg\"\/><\/p>\n<p>La C\u00e1mara Argentina de la Construcci\u00f3n (Camarco) se reuni\u00f3 con el ministro de Infraestructura, Agua y Energ\u00eda, Fernando Perea, para abordar la situaci\u00f3n de la obra p\u00fablica en San Juan. Mart\u00ednez indic\u00f3 que el Gobierno propuso comenzar a saldar la deuda en enero y completar los pagos el pr\u00f3ximo mes.<\/p>\n<p>El saldo negativo mencionado por el ministro de Econom\u00eda, Hacienda y Finanzas, Roberto Guti\u00e9rrez, asciende a 7.800 millones de pesos. Mart\u00ednez destac\u00f3 que las empresas constructoras necesitan resolver esta deuda para mantener la continuidad de las obras y asegur\u00f3 que, a pesar de la situaci\u00f3n financiera, todas las obras programadas est\u00e1n en marcha. Adem\u00e1s, subray\u00f3 la importancia de encontrar soluciones para garantizar el desarrollo de los proyectos en curso.<\/p>\n<p>En relaci\u00f3n con las deudas pendientes, el representante de Camarco destac\u00f3 que la alta inflaci\u00f3n del pa\u00eds afecta significativamente a las empresas, ya que el pago de meses anteriores se realiza a valores nominales, sin tener en cuenta la actualizaci\u00f3n de precios. Mart\u00ednez expres\u00f3 la necesidad de agilizar los pagos debido a la p\u00e9rdida de valor adquisitivo que sufren las empresas constructoras.<\/p>\n<p>La reuni\u00f3n tambi\u00e9n abord\u00f3 la importancia de mantener la actividad en el sector de la construcci\u00f3n y buscar herramientas para que las empresas puedan cumplir con sus compromisos laborales y continuar con los proyectos en curso. El Gobierno provincial manifest\u00f3 su compromiso de seguir trabajando en conjunto con el sector de la construcci\u00f3n para superar los desaf\u00edos actuales y avanzar en la ejecuci\u00f3n de obras p\u00fablicas.<\/p>\n<p>Op: Juan Llarena<\/p>\n","protected":false},"excerpt":{"rendered":"<p>La C\u00e1mara Argentina de la Construcci\u00f3n (Camarco) se reuni\u00f3 con el ministro de Infraestructura, Agua y Energ\u00eda, Fernando Perea, para abordar la situaci\u00f3n de la obra p\u00fablica en San Juan. Mart\u00ednez indic\u00f3 que el Gobierno propuso comenzar a saldar la deuda en enero y completar los pagos el pr\u00f3ximo mes.<br \/>\n El saldo negativo mencionado por el ministro de Econom\u00eda, Hacienda y Finanzas, Roberto Guti\u00e9rrez, asciende a 7.800 millones de pesos. Mart\u00ednez destac\u00f3 que las empresas constructoras necesitan resolver esta deuda para mantener la continuidad de las obras y asegur\u00f3 que, a pesar de la situaci\u00f3n financiera, todas las obras programadas est\u00e1n en marcha. Adem\u00e1s, subray\u00f3 la importancia de encontrar soluciones para garantizar el desarrollo de los proyectos en curso.<br \/>\n En relaci\u00f3n con las deudas pendientes, el representante de Camarco destac\u00f3 que la alta inflaci\u00f3n del pa\u00eds afecta significativamente a las empresas, ya que el pago de meses anteriores se realiza a valores nominales, sin tener en cuenta la..<\/p>\n","protected":false},"author":2,"featured_media":16034,"comment_status":"","ping_status":"","sticky":false,"template":"","format":"standard","meta":{"footnotes":""},"categories":[8],"tags":[],"_links":{"self":[{"href":"https:\/\/maxradio923.com.ar\/index.php\/wp-json\/wp\/v2\/posts\/16033"}],"collection":[{"href":"https:\/\/maxradio923.com.ar\/index.php\/wp-json\/wp\/v2\/posts"}],"about":[{"href":"https:\/\/maxradio923.com.ar\/index.php\/wp-json\/wp\/v2\/types\/post"}],"author":[{"embeddable":true,"href":"https:\/\/maxradio923.com.ar\/index.php\/wp-json\/wp\/v2\/users\/2"}],"replies":[{"embeddable":true,"href":"https:\/\/maxradio923.com.ar\/index.php\/wp-json\/wp\/v2\/comments?post=16033"}],"version-history":[{"count":0,"href":"https:\/\/maxradio923.com.ar\/index.php\/wp-json\/wp\/v2\/posts\/16033\/revisions"}],"wp:featuredmedia":[{"embeddable":true,"href":"https:\/\/maxradio923.com.ar\/index.php\/wp-json\/wp\/v2\/media\/16034"}],"wp:attachment":[{"href":"https:\/\/maxradio923.com.ar\/index.php\/wp-json\/wp\/v2\/media?parent=16033"}],"wp:term":[{"taxonomy":"category","embeddable":true,"href":"https:\/\/maxradio923.com.ar\/index.php\/wp-json\/wp\/v2\/categories?post=16033"},{"taxonomy":"post_tag","embeddable":true,"href":"https:\/\/maxradio923.com.ar\/index.php\/wp-json\/wp\/v2\/tags?post=16033"}],"curies":[{"name":"wp","href":"https:\/\/api.w.org\/{rel}","templated":true}]}}