{"id":16023,"date":"2024-01-09T01:04:56","date_gmt":"2024-01-09T04:04:56","guid":{"rendered":"https:\/\/maxradio923.com.ar\/index.php\/2024\/01\/09\/el-deficit-comercial-con-brasil-subio-mas-de-100-en-un-ano-y-llego-a-us-4-800-millones-en-2023\/"},"modified":"2024-01-09T01:04:56","modified_gmt":"2024-01-09T04:04:56","slug":"el-deficit-comercial-con-brasil-subio-mas-de-100-en-un-ano-y-llego-a-us-4-800-millones-en-2023","status":"publish","type":"post","link":"https:\/\/maxradio923.com.ar\/index.php\/2024\/01\/09\/el-deficit-comercial-con-brasil-subio-mas-de-100-en-un-ano-y-llego-a-us-4-800-millones-en-2023\/","title":{"rendered":"El d\u00e9ficit comercial con Brasil subi\u00f3 m\u00e1s de 100% en un a\u00f1o y lleg\u00f3 a US$ 4.800 millones en 2023"},"content":{"rendered":"<ul>\n<li>Para este a\u00f1o se espera un aumento de las exportaciones.<\/li>\n<li>Por la suba del d\u00f3lar las importaciones podr\u00edan contraerse.<\/li>\n<\/ul>\n","protected":false},"excerpt":{"rendered":"<p>Para este a\u00f1o se espera un aumento de las exportaciones.Por la suba del d\u00f3lar las importaciones podr\u00edan contraerse.<\/p>\n","protected":false},"author":2,"featured_media":16024,"comment_status":"","ping_status":"","sticky":false,"template":"","format":"standard","meta":{"footnotes":""},"categories":[2],"tags":[],"_links":{"self":[{"href":"https:\/\/maxradio923.com.ar\/index.php\/wp-json\/wp\/v2\/posts\/16023"}],"collection":[{"href":"https:\/\/maxradio923.com.ar\/index.php\/wp-json\/wp\/v2\/posts"}],"about":[{"href":"https:\/\/maxradio923.com.ar\/index.php\/wp-json\/wp\/v2\/types\/post"}],"author":[{"embeddable":true,"href":"https:\/\/maxradio923.com.ar\/index.php\/wp-json\/wp\/v2\/users\/2"}],"replies":[{"embeddable":true,"href":"https:\/\/maxradio923.com.ar\/index.php\/wp-json\/wp\/v2\/comments?post=16023"}],"version-history":[{"count":0,"href":"https:\/\/maxradio923.com.ar\/index.php\/wp-json\/wp\/v2\/posts\/16023\/revisions"}],"wp:featuredmedia":[{"embeddable":true,"href":"https:\/\/maxradio923.com.ar\/index.php\/wp-json\/wp\/v2\/media\/16024"}],"wp:attachment":[{"href":"https:\/\/maxradio923.com.ar\/index.php\/wp-json\/wp\/v2\/media?parent=16023"}],"wp:term":[{"taxonomy":"category","embeddable":true,"href":"https:\/\/maxradio923.com.ar\/index.php\/wp-json\/wp\/v2\/categories?post=16023"},{"taxonomy":"post_tag","embeddable":true,"href":"https:\/\/maxradio923.com.ar\/index.php\/wp-json\/wp\/v2\/tags?post=16023"}],"curies":[{"name":"wp","href":"https:\/\/api.w.org\/{rel}","templated":true}]}}