{"id":16013,"date":"2024-01-09T01:04:34","date_gmt":"2024-01-09T04:04:34","guid":{"rendered":"https:\/\/maxradio923.com.ar\/index.php\/2024\/01\/09\/por-que-en-espana-vuelve-a-ser-obligatorio-el-uso-del-barbijo-en-algunos-lugares\/"},"modified":"2024-01-09T01:04:34","modified_gmt":"2024-01-09T04:04:34","slug":"por-que-en-espana-vuelve-a-ser-obligatorio-el-uso-del-barbijo-en-algunos-lugares","status":"publish","type":"post","link":"https:\/\/maxradio923.com.ar\/index.php\/2024\/01\/09\/por-que-en-espana-vuelve-a-ser-obligatorio-el-uso-del-barbijo-en-algunos-lugares\/","title":{"rendered":"Por qu\u00e9 en Espa\u00f1a vuelve a ser obligatorio el uso del barbijo en algunos lugares"},"content":{"rendered":"<ul>\n<li>El Gobierno espa\u00f1ol lo dispuso debido al aumento de infecciones respiratorias.<\/li>\n<li>En una reuni\u00f3n con las comunidades aut\u00f3nomas no descartaron extenderlo tambi\u00e9n a las farmacias.<\/li>\n<\/ul>\n","protected":false},"excerpt":{"rendered":"<p>El Gobierno espa\u00f1ol lo dispuso debido al aumento de infecciones respiratorias.En una reuni\u00f3n con las comunidades aut\u00f3nomas no descartaron extenderlo tambi\u00e9n a las farmacias.<\/p>\n","protected":false},"author":2,"featured_media":16014,"comment_status":"","ping_status":"","sticky":false,"template":"","format":"standard","meta":{"footnotes":""},"categories":[9],"tags":[],"_links":{"self":[{"href":"https:\/\/maxradio923.com.ar\/index.php\/wp-json\/wp\/v2\/posts\/16013"}],"collection":[{"href":"https:\/\/maxradio923.com.ar\/index.php\/wp-json\/wp\/v2\/posts"}],"about":[{"href":"https:\/\/maxradio923.com.ar\/index.php\/wp-json\/wp\/v2\/types\/post"}],"author":[{"embeddable":true,"href":"https:\/\/maxradio923.com.ar\/index.php\/wp-json\/wp\/v2\/users\/2"}],"replies":[{"embeddable":true,"href":"https:\/\/maxradio923.com.ar\/index.php\/wp-json\/wp\/v2\/comments?post=16013"}],"version-history":[{"count":0,"href":"https:\/\/maxradio923.com.ar\/index.php\/wp-json\/wp\/v2\/posts\/16013\/revisions"}],"wp:featuredmedia":[{"embeddable":true,"href":"https:\/\/maxradio923.com.ar\/index.php\/wp-json\/wp\/v2\/media\/16014"}],"wp:attachment":[{"href":"https:\/\/maxradio923.com.ar\/index.php\/wp-json\/wp\/v2\/media?parent=16013"}],"wp:term":[{"taxonomy":"category","embeddable":true,"href":"https:\/\/maxradio923.com.ar\/index.php\/wp-json\/wp\/v2\/categories?post=16013"},{"taxonomy":"post_tag","embeddable":true,"href":"https:\/\/maxradio923.com.ar\/index.php\/wp-json\/wp\/v2\/tags?post=16013"}],"curies":[{"name":"wp","href":"https:\/\/api.w.org\/{rel}","templated":true}]}}