{"id":16003,"date":"2024-01-08T01:20:26","date_gmt":"2024-01-08T04:20:26","guid":{"rendered":"https:\/\/maxradio923.com.ar\/index.php\/2024\/01\/08\/rediseno-de-billetera-san-juan-para-ampliar-su-alcance-comercial\/"},"modified":"2024-01-08T01:20:26","modified_gmt":"2024-01-08T04:20:26","slug":"rediseno-de-billetera-san-juan-para-ampliar-su-alcance-comercial","status":"publish","type":"post","link":"https:\/\/maxradio923.com.ar\/index.php\/2024\/01\/08\/rediseno-de-billetera-san-juan-para-ampliar-su-alcance-comercial\/","title":{"rendered":"Redise\u00f1o de Billetera San Juan para Ampliar su Alcance Comercial"},"content":{"rendered":"<p><img decoding=\"async\" src=\"https:\/\/diariod3.com\/wp-content\/uploads\/2023\/10\/billetera.jpg\"\/><\/p>\n<p>El Gobierno de San Juan tiene planes de continuar con el programa Billetera San Juan, pero con un enfoque redise\u00f1ado para fomentar la inclusi\u00f3n de peque\u00f1os comercios. El secretario de Industria, Comercio y Servicios, Alejandro Mart\u00edn, confirm\u00f3 que se est\u00e1 revisando el dise\u00f1o del programa para que tambi\u00e9n beneficie a los comercios m\u00e1s peque\u00f1os.<\/p>\n<p>Mart\u00edn destac\u00f3 que est\u00e1n considerando la experiencia de programas similares en otras provincias, como el programa hom\u00f3nimo en Santa Fe, que dej\u00f3 de ofrecer descuentos para centrarse \u00fanicamente en ser una billetera virtual. Aunque ambos programas est\u00e1n siendo revisados, en el caso de Billetera San Juan, se ha decidido continuar con su implementaci\u00f3n.<\/p>\n<p>Adem\u00e1s, el secretario resalt\u00f3 el apoyo a las campa\u00f1as lanzadas por diversas c\u00e1maras comerciales. El Gobierno est\u00e1 evaluando los recursos disponibles para respaldar estos programas y campa\u00f1as que contribuyan al desarrollo y fortalecimiento del comercio local. Se han recibido propuestas de diferentes sectores, y la decisi\u00f3n final depender\u00e1 de los recursos disponibles y del impacto que puedan tener en la econom\u00eda de la provincia.<\/p>\n<p>Op: Juan Llarena<\/p>\n","protected":false},"excerpt":{"rendered":"<p>El Gobierno de San Juan tiene planes de continuar con el programa Billetera San Juan, pero con un enfoque redise\u00f1ado para fomentar la inclusi\u00f3n de peque\u00f1os comercios. El secretario de Industria, Comercio y Servicios, Alejandro Mart\u00edn, confirm\u00f3 que se est\u00e1 revisando el dise\u00f1o del programa para que tambi\u00e9n beneficie a los comercios m\u00e1s peque\u00f1os.<br \/>\n Mart\u00edn destac\u00f3 que est\u00e1n considerando la experiencia de programas similares en otras provincias, como el programa hom\u00f3nimo en Santa Fe, que dej\u00f3 de ofrecer descuentos para centrarse \u00fanicamente en ser una billetera virtual. Aunque ambos programas est\u00e1n siendo revisados, en el caso de Billetera San Juan, se ha decidido continuar con su implementaci\u00f3n.<br \/>\n Adem\u00e1s, el secretario resalt\u00f3 el apoyo a las campa\u00f1as lanzadas por diversas c\u00e1maras comerciales. El Gobierno est\u00e1 evaluando los recursos disponibles para respaldar estos programas y campa\u00f1as que contribuyan al desarrollo y fortalecimiento del comercio local. Se han recibido propuestas de diferentes ..<\/p>\n","protected":false},"author":2,"featured_media":16004,"comment_status":"","ping_status":"","sticky":false,"template":"","format":"standard","meta":{"footnotes":""},"categories":[8],"tags":[],"_links":{"self":[{"href":"https:\/\/maxradio923.com.ar\/index.php\/wp-json\/wp\/v2\/posts\/16003"}],"collection":[{"href":"https:\/\/maxradio923.com.ar\/index.php\/wp-json\/wp\/v2\/posts"}],"about":[{"href":"https:\/\/maxradio923.com.ar\/index.php\/wp-json\/wp\/v2\/types\/post"}],"author":[{"embeddable":true,"href":"https:\/\/maxradio923.com.ar\/index.php\/wp-json\/wp\/v2\/users\/2"}],"replies":[{"embeddable":true,"href":"https:\/\/maxradio923.com.ar\/index.php\/wp-json\/wp\/v2\/comments?post=16003"}],"version-history":[{"count":0,"href":"https:\/\/maxradio923.com.ar\/index.php\/wp-json\/wp\/v2\/posts\/16003\/revisions"}],"wp:featuredmedia":[{"embeddable":true,"href":"https:\/\/maxradio923.com.ar\/index.php\/wp-json\/wp\/v2\/media\/16004"}],"wp:attachment":[{"href":"https:\/\/maxradio923.com.ar\/index.php\/wp-json\/wp\/v2\/media?parent=16003"}],"wp:term":[{"taxonomy":"category","embeddable":true,"href":"https:\/\/maxradio923.com.ar\/index.php\/wp-json\/wp\/v2\/categories?post=16003"},{"taxonomy":"post_tag","embeddable":true,"href":"https:\/\/maxradio923.com.ar\/index.php\/wp-json\/wp\/v2\/tags?post=16003"}],"curies":[{"name":"wp","href":"https:\/\/api.w.org\/{rel}","templated":true}]}}