{"id":16001,"date":"2024-01-08T01:20:21","date_gmt":"2024-01-08T04:20:21","guid":{"rendered":"https:\/\/maxradio923.com.ar\/index.php\/2024\/01\/08\/sospecharon-de-ellos-y-les-encontraron-armas-de-fuego\/"},"modified":"2024-01-08T01:20:21","modified_gmt":"2024-01-08T04:20:21","slug":"sospecharon-de-ellos-y-les-encontraron-armas-de-fuego","status":"publish","type":"post","link":"https:\/\/maxradio923.com.ar\/index.php\/2024\/01\/08\/sospecharon-de-ellos-y-les-encontraron-armas-de-fuego\/","title":{"rendered":"Sospecharon de ellos y les encontraron Armas de Fuego"},"content":{"rendered":"<p><img decoding=\"async\" src=\"https:\/\/diariod3.com\/wp-content\/uploads\/2024\/01\/whatsapp-image-2024-01-05-at-084955jpeg.png\"\/><\/p>\n<p>El incidente tuvo lugar cuando agentes de la polic\u00eda realizaban patrullajes preventivos y notaron la presencia sospechosa de dos personas que circulaban en una motocicleta. Al percatarse de la presencia policial, los individuos intentaron evadir el veh\u00edculo policial doblando en una direcci\u00f3n diferente.<\/p>\n<p><img decoding=\"async\" src=\"https:\/\/media.sanjuan8.com\/p\/ee8013bc88e9b6ff9499b10e05b921f4\/adjuntos\/303\/imagenes\/009\/278\/0009278785\/1200x0\/smart\/whatsapp-image-2024-01-05-at-084956jpeg.jpeg\" alt=\"Los detuvieron por sospechosos y les encontraron dos armas de fuego\"\/><\/p>\n<p>Ante este comportamiento, los agentes decidieron seguirlos y los detuvieron a pocos metros. Los sospechosos, visiblemente nerviosos, llevaban consigo dos mochilas. Durante la revisi\u00f3n, se descubrieron una tumbera y una pistola calibre 22.<\/p>\n<p>Los detenidos fueron identificados como Alex Castillo de 22 a\u00f1os y Germ\u00e1n Alvarez de 19 a\u00f1os. Ambos quedaron vinculados por la portaci\u00f3n de arma de fuego sin la debida autorizaci\u00f3n y tenencia de arma de fuego de uso civil sin autorizaci\u00f3n.<\/p>\n<p>Op: Juan Llarena<\/p>\n","protected":false},"excerpt":{"rendered":"<p>El incidente tuvo lugar cuando agentes de la polic\u00eda realizaban patrullajes preventivos y notaron la presencia sospechosa de dos personas que circulaban en una motocicleta. Al percatarse de la presencia policial, los individuos intentaron evadir el veh\u00edculo policial doblando en una direcci\u00f3n diferente.<\/p>\n<p> Ante este comportamiento, los agentes decidieron seguirlos y los detuvieron a pocos metros. Los sospechosos, visiblemente nerviosos, llevaban consigo dos mochilas. Durante la revisi\u00f3n, se descubrieron una tumbera y una pistola calibre 22.<br \/>\n Los detenidos fueron identificados como Alex Castillo de 22 a\u00f1os y Germ\u00e1n Alvarez de 19 a\u00f1os. Ambos quedaron vinculados por la portaci\u00f3n de arma de fuego sin la debida autorizaci\u00f3n y tenencia de arma de fuego de uso civil sin autorizaci\u00f3n.<br \/>\n Op: Juan Llarena<\/p>\n","protected":false},"author":2,"featured_media":16002,"comment_status":"","ping_status":"","sticky":false,"template":"","format":"standard","meta":{"footnotes":""},"categories":[8],"tags":[],"_links":{"self":[{"href":"https:\/\/maxradio923.com.ar\/index.php\/wp-json\/wp\/v2\/posts\/16001"}],"collection":[{"href":"https:\/\/maxradio923.com.ar\/index.php\/wp-json\/wp\/v2\/posts"}],"about":[{"href":"https:\/\/maxradio923.com.ar\/index.php\/wp-json\/wp\/v2\/types\/post"}],"author":[{"embeddable":true,"href":"https:\/\/maxradio923.com.ar\/index.php\/wp-json\/wp\/v2\/users\/2"}],"replies":[{"embeddable":true,"href":"https:\/\/maxradio923.com.ar\/index.php\/wp-json\/wp\/v2\/comments?post=16001"}],"version-history":[{"count":0,"href":"https:\/\/maxradio923.com.ar\/index.php\/wp-json\/wp\/v2\/posts\/16001\/revisions"}],"wp:featuredmedia":[{"embeddable":true,"href":"https:\/\/maxradio923.com.ar\/index.php\/wp-json\/wp\/v2\/media\/16002"}],"wp:attachment":[{"href":"https:\/\/maxradio923.com.ar\/index.php\/wp-json\/wp\/v2\/media?parent=16001"}],"wp:term":[{"taxonomy":"category","embeddable":true,"href":"https:\/\/maxradio923.com.ar\/index.php\/wp-json\/wp\/v2\/categories?post=16001"},{"taxonomy":"post_tag","embeddable":true,"href":"https:\/\/maxradio923.com.ar\/index.php\/wp-json\/wp\/v2\/tags?post=16001"}],"curies":[{"name":"wp","href":"https:\/\/api.w.org\/{rel}","templated":true}]}}