{"id":15997,"date":"2024-01-08T01:19:51","date_gmt":"2024-01-08T04:19:51","guid":{"rendered":"https:\/\/maxradio923.com.ar\/index.php\/2024\/01\/08\/condenado-a-prision-por-herir-a-un-menor-con-la-tapa-de-una-olla\/"},"modified":"2024-01-08T01:19:51","modified_gmt":"2024-01-08T04:19:51","slug":"condenado-a-prision-por-herir-a-un-menor-con-la-tapa-de-una-olla","status":"publish","type":"post","link":"https:\/\/maxradio923.com.ar\/index.php\/2024\/01\/08\/condenado-a-prision-por-herir-a-un-menor-con-la-tapa-de-una-olla\/","title":{"rendered":"Condenado a Prisi\u00f3n por Herir a un Menor con la Tapa de una Olla"},"content":{"rendered":"<p><img decoding=\"async\" src=\"https:\/\/grupomorenomedios.com.ar\/wp-content\/uploads\/2024\/01\/1.jpg\"\/><\/p>\n<p>Condenado a Prisi\u00f3n por Herir a un Menor con la Tapa de una Olla   <\/p>\n<p>En un juicio abreviado llevado a cabo este jueves, un individuo con antecedentes penales fue sentenciado a seis meses de prisi\u00f3n por herir a su sobrino con la tapa de una olla. Sin embargo, debido a la unificaci\u00f3n de penas por reincidencia, la condena se elev\u00f3 a dos a\u00f1os y medio, siendo destinado al Penal de Chimbas para cumplir su castigo.<\/p>\n<p>Seg\u00fan fuentes judiciales, el pasado 1 de enero, alrededor del mediod\u00eda en una residencia de Rawson, Enzo Joel Ruiz se vio envuelto en una discusi\u00f3n con su cu\u00f1ada. Durante el altercado, lanz\u00f3 con fuerza la tapa de una olla hacia ella, pero esta logr\u00f3 esquivarla, resultando en que el pesado objeto golpeara en el rostro al hijo de la mujer.<\/p>\n<p>El impacto fue tan violento que el peque\u00f1o, de tan solo tres a\u00f1os, sufri\u00f3 cortes y un sangrado considerable en su rostro.<\/p>\n<p>La madre, quien estuvo presente durante el conflicto y es la progenitora del ni\u00f1o herido, alert\u00f3 a la polic\u00eda, llevando a la detenci\u00f3n de Ruiz por parte de los agentes. Como resultado, este jueves el individuo fue condenado a una pena de c\u00e1rcel efectiva por el delito de causar lesiones leves en un contexto de violencia intrafamiliar.<\/p>\n<p>La entrada Condenado a Prisi\u00f3n por Herir a un Menor con la Tapa de una Olla se public\u00f3 primero en DIARIO DIGITAL MORENO MEDIOS.<\/p>\n","protected":false},"excerpt":{"rendered":"<p>Condenado a Prisi\u00f3n por Herir a un Menor con la Tapa de una Olla En un juicio abreviado llevado a cabo este jueves, un individuo con antecedentes penales fue sentenciado a seis meses de prisi\u00f3n por herir a su sobrino con la tapa de una olla. Sin embargo, debido a la unificaci\u00f3n de penas por [&hellip;]<\/p>\n","protected":false},"author":1,"featured_media":15998,"comment_status":"","ping_status":"","sticky":false,"template":"","format":"standard","meta":{"footnotes":""},"categories":[5],"tags":[],"_links":{"self":[{"href":"https:\/\/maxradio923.com.ar\/index.php\/wp-json\/wp\/v2\/posts\/15997"}],"collection":[{"href":"https:\/\/maxradio923.com.ar\/index.php\/wp-json\/wp\/v2\/posts"}],"about":[{"href":"https:\/\/maxradio923.com.ar\/index.php\/wp-json\/wp\/v2\/types\/post"}],"author":[{"embeddable":true,"href":"https:\/\/maxradio923.com.ar\/index.php\/wp-json\/wp\/v2\/users\/1"}],"replies":[{"embeddable":true,"href":"https:\/\/maxradio923.com.ar\/index.php\/wp-json\/wp\/v2\/comments?post=15997"}],"version-history":[{"count":0,"href":"https:\/\/maxradio923.com.ar\/index.php\/wp-json\/wp\/v2\/posts\/15997\/revisions"}],"wp:featuredmedia":[{"embeddable":true,"href":"https:\/\/maxradio923.com.ar\/index.php\/wp-json\/wp\/v2\/media\/15998"}],"wp:attachment":[{"href":"https:\/\/maxradio923.com.ar\/index.php\/wp-json\/wp\/v2\/media?parent=15997"}],"wp:term":[{"taxonomy":"category","embeddable":true,"href":"https:\/\/maxradio923.com.ar\/index.php\/wp-json\/wp\/v2\/categories?post=15997"},{"taxonomy":"post_tag","embeddable":true,"href":"https:\/\/maxradio923.com.ar\/index.php\/wp-json\/wp\/v2\/tags?post=15997"}],"curies":[{"name":"wp","href":"https:\/\/api.w.org\/{rel}","templated":true}]}}