{"id":15987,"date":"2024-01-08T01:19:26","date_gmt":"2024-01-08T04:19:26","guid":{"rendered":"https:\/\/maxradio923.com.ar\/index.php\/2024\/01\/08\/dolares-libres-y-brecha-con-el-oficial-se-acabo-el-veranito\/"},"modified":"2024-01-08T01:19:26","modified_gmt":"2024-01-08T04:19:26","slug":"dolares-libres-y-brecha-con-el-oficial-se-acabo-el-veranito","status":"publish","type":"post","link":"https:\/\/maxradio923.com.ar\/index.php\/2024\/01\/08\/dolares-libres-y-brecha-con-el-oficial-se-acabo-el-veranito\/","title":{"rendered":"D\u00f3lares libres y brecha con el oficial: \u00bfse acab\u00f3 el veranito?"},"content":{"rendered":"<ul>\n<li>En los primeros d\u00edas del mes , el d\u00f3lar financiero subi\u00f3 m\u00e1s de 17%.<\/li>\n<li>Pero el Banco Central ratific\u00f3 su intenci\u00f3n de mantener el ritmo mensual de devaluaci\u00f3n en 2%.<\/li>\n<li>Las dudas del mercado.<\/li>\n<\/ul>\n","protected":false},"excerpt":{"rendered":"<p>En los primeros d\u00edas del mes , el d\u00f3lar financiero subi\u00f3 m\u00e1s de 17%.Pero el Banco Central ratific\u00f3 su intenci\u00f3n de mantener el ritmo mensual de devaluaci\u00f3n en 2%.Las dudas del mercado.<\/p>\n","protected":false},"author":2,"featured_media":15988,"comment_status":"","ping_status":"","sticky":false,"template":"","format":"standard","meta":{"footnotes":""},"categories":[2],"tags":[],"_links":{"self":[{"href":"https:\/\/maxradio923.com.ar\/index.php\/wp-json\/wp\/v2\/posts\/15987"}],"collection":[{"href":"https:\/\/maxradio923.com.ar\/index.php\/wp-json\/wp\/v2\/posts"}],"about":[{"href":"https:\/\/maxradio923.com.ar\/index.php\/wp-json\/wp\/v2\/types\/post"}],"author":[{"embeddable":true,"href":"https:\/\/maxradio923.com.ar\/index.php\/wp-json\/wp\/v2\/users\/2"}],"replies":[{"embeddable":true,"href":"https:\/\/maxradio923.com.ar\/index.php\/wp-json\/wp\/v2\/comments?post=15987"}],"version-history":[{"count":0,"href":"https:\/\/maxradio923.com.ar\/index.php\/wp-json\/wp\/v2\/posts\/15987\/revisions"}],"wp:featuredmedia":[{"embeddable":true,"href":"https:\/\/maxradio923.com.ar\/index.php\/wp-json\/wp\/v2\/media\/15988"}],"wp:attachment":[{"href":"https:\/\/maxradio923.com.ar\/index.php\/wp-json\/wp\/v2\/media?parent=15987"}],"wp:term":[{"taxonomy":"category","embeddable":true,"href":"https:\/\/maxradio923.com.ar\/index.php\/wp-json\/wp\/v2\/categories?post=15987"},{"taxonomy":"post_tag","embeddable":true,"href":"https:\/\/maxradio923.com.ar\/index.php\/wp-json\/wp\/v2\/tags?post=15987"}],"curies":[{"name":"wp","href":"https:\/\/api.w.org\/{rel}","templated":true}]}}