{"id":15977,"date":"2024-01-07T16:34:26","date_gmt":"2024-01-07T19:34:26","guid":{"rendered":"https:\/\/maxradio923.com.ar\/index.php\/2024\/01\/07\/javier-milei-sobre-el-mega-dnu-y-la-ley-omnibus-no-negociamos-nada-solo-aceptamos-sugerencias-para-mejorar\/"},"modified":"2024-01-07T16:34:26","modified_gmt":"2024-01-07T19:34:26","slug":"javier-milei-sobre-el-mega-dnu-y-la-ley-omnibus-no-negociamos-nada-solo-aceptamos-sugerencias-para-mejorar","status":"publish","type":"post","link":"https:\/\/maxradio923.com.ar\/index.php\/2024\/01\/07\/javier-milei-sobre-el-mega-dnu-y-la-ley-omnibus-no-negociamos-nada-solo-aceptamos-sugerencias-para-mejorar\/","title":{"rendered":"Javier Milei, sobre el mega DNU y la ley \u00f3mnibus: &#8220;No negociamos nada, s\u00f3lo aceptamos sugerencias para mejorar&#8221;"},"content":{"rendered":"<p><img decoding=\"async\" alt=\"El presidente Javier Milei deja el Hotel Libertado. Confirm\u00f3 que este lunes se muda a la residencia de Olivos. Foto Luciano Thieberger. \" src=\"https:\/\/www.clarin.com\/img\/2024\/01\/05\/HjuOdj2O-_720x0__1.jpg\"\/>El presidente Javier Milei deja el Hotel Libertado. Confirm\u00f3 que este lunes se muda a la residencia de Olivos. Foto Luciano Thieberger. <img decoding=\"async\" alt=\"Javier Milei volvi\u00f3 a hablar de posibles coimas en el Congreso para frenar leyes. \" src=\"https:\/\/www.clarin.com\/img\/2023\/12\/30\/XToJ-kC6R_720x0__1.jpg\"\/>Javier Milei volvi\u00f3 a hablar de posibles coimas en el Congreso para frenar leyes. <img decoding=\"async\" alt=\"Luis &quot;Toto&quot; Caputo, ministro de Econom\u00eda, se retira de Casa de Gobierno. \" src=\"https:\/\/www.clarin.com\/img\/2024\/01\/07\/PV9Yei4En_720x0__1.jpg\"\/>Luis &quot;Toto&quot; Caputo, ministro de Econom\u00eda, se retira de Casa de Gobierno.<\/p>\n","protected":false},"excerpt":{"rendered":"<p>El presidente Javier Milei deja el Hotel Libertado. Confirm\u00f3 que este lunes se muda a la residencia de Olivos. Foto Luciano Thieberger. Javier Milei volvi\u00f3 a hablar de posibles coimas en el Congreso para frenar leyes. Luis &#8220;Toto&#8221; Caputo, ministro de Econom\u00eda, se retira de Casa de Gobierno.<\/p>\n","protected":false},"author":2,"featured_media":15978,"comment_status":"","ping_status":"","sticky":false,"template":"","format":"standard","meta":{"footnotes":""},"categories":[7],"tags":[],"_links":{"self":[{"href":"https:\/\/maxradio923.com.ar\/index.php\/wp-json\/wp\/v2\/posts\/15977"}],"collection":[{"href":"https:\/\/maxradio923.com.ar\/index.php\/wp-json\/wp\/v2\/posts"}],"about":[{"href":"https:\/\/maxradio923.com.ar\/index.php\/wp-json\/wp\/v2\/types\/post"}],"author":[{"embeddable":true,"href":"https:\/\/maxradio923.com.ar\/index.php\/wp-json\/wp\/v2\/users\/2"}],"replies":[{"embeddable":true,"href":"https:\/\/maxradio923.com.ar\/index.php\/wp-json\/wp\/v2\/comments?post=15977"}],"version-history":[{"count":0,"href":"https:\/\/maxradio923.com.ar\/index.php\/wp-json\/wp\/v2\/posts\/15977\/revisions"}],"wp:featuredmedia":[{"embeddable":true,"href":"https:\/\/maxradio923.com.ar\/index.php\/wp-json\/wp\/v2\/media\/15978"}],"wp:attachment":[{"href":"https:\/\/maxradio923.com.ar\/index.php\/wp-json\/wp\/v2\/media?parent=15977"}],"wp:term":[{"taxonomy":"category","embeddable":true,"href":"https:\/\/maxradio923.com.ar\/index.php\/wp-json\/wp\/v2\/categories?post=15977"},{"taxonomy":"post_tag","embeddable":true,"href":"https:\/\/maxradio923.com.ar\/index.php\/wp-json\/wp\/v2\/tags?post=15977"}],"curies":[{"name":"wp","href":"https:\/\/api.w.org\/{rel}","templated":true}]}}