{"id":15975,"date":"2024-01-07T16:34:25","date_gmt":"2024-01-07T19:34:25","guid":{"rendered":"https:\/\/maxradio923.com.ar\/index.php\/2024\/01\/07\/javier-milei-confirmo-que-este-lunes-se-mudara-a-la-quinta-de-olivos\/"},"modified":"2024-01-07T16:34:25","modified_gmt":"2024-01-07T19:34:25","slug":"javier-milei-confirmo-que-este-lunes-se-mudara-a-la-quinta-de-olivos","status":"publish","type":"post","link":"https:\/\/maxradio923.com.ar\/index.php\/2024\/01\/07\/javier-milei-confirmo-que-este-lunes-se-mudara-a-la-quinta-de-olivos\/","title":{"rendered":"Javier Milei confirm\u00f3 que este lunes se mudar\u00e1 a la Quinta de Olivos"},"content":{"rendered":"<p><img decoding=\"async\" alt=\"Milei visit\u00f3 Olivos y se entrevist\u00f3 all\u00ed con el presidente Alberto Fern\u00e1ndez. Foto:  Reuters\/Matias Baglietto.\" src=\"https:\/\/www.clarin.com\/img\/2023\/11\/21\/uZu8HzTJh_720x0__1.jpg\"\/>Milei visit\u00f3 Olivos y se entrevist\u00f3 all\u00ed con el presidente Alberto Fern\u00e1ndez. Foto:  Reuters\/Matias Baglietto.<\/p>\n","protected":false},"excerpt":{"rendered":"<p>Milei visit\u00f3 Olivos y se entrevist\u00f3 all\u00ed con el presidente Alberto Fern\u00e1ndez. Foto: Reuters\/Matias Baglietto.<\/p>\n","protected":false},"author":2,"featured_media":15976,"comment_status":"","ping_status":"","sticky":false,"template":"","format":"standard","meta":{"footnotes":""},"categories":[7],"tags":[],"_links":{"self":[{"href":"https:\/\/maxradio923.com.ar\/index.php\/wp-json\/wp\/v2\/posts\/15975"}],"collection":[{"href":"https:\/\/maxradio923.com.ar\/index.php\/wp-json\/wp\/v2\/posts"}],"about":[{"href":"https:\/\/maxradio923.com.ar\/index.php\/wp-json\/wp\/v2\/types\/post"}],"author":[{"embeddable":true,"href":"https:\/\/maxradio923.com.ar\/index.php\/wp-json\/wp\/v2\/users\/2"}],"replies":[{"embeddable":true,"href":"https:\/\/maxradio923.com.ar\/index.php\/wp-json\/wp\/v2\/comments?post=15975"}],"version-history":[{"count":0,"href":"https:\/\/maxradio923.com.ar\/index.php\/wp-json\/wp\/v2\/posts\/15975\/revisions"}],"wp:featuredmedia":[{"embeddable":true,"href":"https:\/\/maxradio923.com.ar\/index.php\/wp-json\/wp\/v2\/media\/15976"}],"wp:attachment":[{"href":"https:\/\/maxradio923.com.ar\/index.php\/wp-json\/wp\/v2\/media?parent=15975"}],"wp:term":[{"taxonomy":"category","embeddable":true,"href":"https:\/\/maxradio923.com.ar\/index.php\/wp-json\/wp\/v2\/categories?post=15975"},{"taxonomy":"post_tag","embeddable":true,"href":"https:\/\/maxradio923.com.ar\/index.php\/wp-json\/wp\/v2\/tags?post=15975"}],"curies":[{"name":"wp","href":"https:\/\/api.w.org\/{rel}","templated":true}]}}