{"id":15971,"date":"2024-01-07T16:33:57","date_gmt":"2024-01-07T19:33:57","guid":{"rendered":"https:\/\/maxradio923.com.ar\/index.php\/2024\/01\/07\/david-guetta-se-emociono-extendio-su-show-en-buenos-aires-y-recordo-sus-comienzos-para-5-o-6-personas\/"},"modified":"2024-01-07T16:33:57","modified_gmt":"2024-01-07T19:33:57","slug":"david-guetta-se-emociono-extendio-su-show-en-buenos-aires-y-recordo-sus-comienzos-para-5-o-6-personas","status":"publish","type":"post","link":"https:\/\/maxradio923.com.ar\/index.php\/2024\/01\/07\/david-guetta-se-emociono-extendio-su-show-en-buenos-aires-y-recordo-sus-comienzos-para-5-o-6-personas\/","title":{"rendered":"David Guetta se emocion\u00f3, extendi\u00f3 su show en Buenos Aires y record\u00f3 sus comienzos &#8220;para 5 \u00f3 6 personas&#8221;"},"content":{"rendered":"<ul>\n<li>El famoso DJ franc\u00e9s estuvo el s\u00e1bado a la noche en Movistar Arena.<\/li>\n<\/ul>\n","protected":false},"excerpt":{"rendered":"<p>El famoso DJ franc\u00e9s estuvo el s\u00e1bado a la noche en Movistar Arena.<\/p>\n","protected":false},"author":2,"featured_media":15972,"comment_status":"","ping_status":"","sticky":false,"template":"","format":"standard","meta":{"footnotes":""},"categories":[4],"tags":[],"_links":{"self":[{"href":"https:\/\/maxradio923.com.ar\/index.php\/wp-json\/wp\/v2\/posts\/15971"}],"collection":[{"href":"https:\/\/maxradio923.com.ar\/index.php\/wp-json\/wp\/v2\/posts"}],"about":[{"href":"https:\/\/maxradio923.com.ar\/index.php\/wp-json\/wp\/v2\/types\/post"}],"author":[{"embeddable":true,"href":"https:\/\/maxradio923.com.ar\/index.php\/wp-json\/wp\/v2\/users\/2"}],"replies":[{"embeddable":true,"href":"https:\/\/maxradio923.com.ar\/index.php\/wp-json\/wp\/v2\/comments?post=15971"}],"version-history":[{"count":0,"href":"https:\/\/maxradio923.com.ar\/index.php\/wp-json\/wp\/v2\/posts\/15971\/revisions"}],"wp:featuredmedia":[{"embeddable":true,"href":"https:\/\/maxradio923.com.ar\/index.php\/wp-json\/wp\/v2\/media\/15972"}],"wp:attachment":[{"href":"https:\/\/maxradio923.com.ar\/index.php\/wp-json\/wp\/v2\/media?parent=15971"}],"wp:term":[{"taxonomy":"category","embeddable":true,"href":"https:\/\/maxradio923.com.ar\/index.php\/wp-json\/wp\/v2\/categories?post=15971"},{"taxonomy":"post_tag","embeddable":true,"href":"https:\/\/maxradio923.com.ar\/index.php\/wp-json\/wp\/v2\/tags?post=15971"}],"curies":[{"name":"wp","href":"https:\/\/api.w.org\/{rel}","templated":true}]}}