{"id":15969,"date":"2024-01-07T16:33:11","date_gmt":"2024-01-07T19:33:11","guid":{"rendered":"https:\/\/maxradio923.com.ar\/index.php\/2024\/01\/07\/laura-palma-dirige-la-primera-reunion-de-gabinete-de-gobierno-en-2024\/"},"modified":"2024-01-07T16:33:11","modified_gmt":"2024-01-07T19:33:11","slug":"laura-palma-dirige-la-primera-reunion-de-gabinete-de-gobierno-en-2024","status":"publish","type":"post","link":"https:\/\/maxradio923.com.ar\/index.php\/2024\/01\/07\/laura-palma-dirige-la-primera-reunion-de-gabinete-de-gobierno-en-2024\/","title":{"rendered":"Laura Palma Dirige la Primera Reuni\u00f3n de Gabinete de Gobierno en 2024"},"content":{"rendered":"<p><img decoding=\"async\" src=\"https:\/\/diariod3.com\/wp-content\/uploads\/2024\/01\/f800x450-361964_413410_5050.png\"\/><\/p>\n<p><em>En una sesi\u00f3n que cont\u00f3 con la presencia de todos los funcionarios de la cartera, se abordaron temas cruciales relacionados con el contexto provincial actual. Durante la reuni\u00f3n, los integrantes del gabinete discutieron el sistema de trabajo que implementar\u00e1n y se enfocaron en las pol\u00edticas gubernamentales y soluciones para abordar las necesidades planteadas por la ciudadan\u00eda en relaci\u00f3n con los servicios proporcionados por el Ministerio.<\/em><\/p>\n<p><em>Entre los participantes se encontraban la ministra Laura Palma, la secretaria de Relaciones Institucionales, Claudia Sarmiento, el secretario de Gobierno, Justicia y DDHH, Jos\u00e9 Dubos, y el secretario de Tr\u00e1nsito y Transporte, Marcelo Molina.<\/em><\/p>\n<p><em>Adem\u00e1s, estuvieron presentes Carlos Ma\u00f1e, director de Protecci\u00f3n y Promoci\u00f3n de DDHH; Ver\u00f3nica Benedetto, directora del Registro del Estado Civil y Capacidad de las Personas; Maria Eugenia Gonz\u00e1lez, subdirectora del Registro Civil; Franco Marchese, subsecretario de Trabajo; Marcelo Cerdera, director de Relaciones Laborales; Gerardo Guerri, director de la Inspecci\u00f3n General de Personer\u00eda Jur\u00eddica; Carolina Gianienetto, directora de Regularizaci\u00f3n y Consolidaci\u00f3n Dominial; Ernesto Garc\u00eda, director de Transporte; Melisa Monla, directora de Integraci\u00f3n y Desarrollo Regional; Maximiliano Luj\u00e1n, director de Red Tulum; Mar\u00eda Eugenia Vega, directora de Comunicaci\u00f3n; y Fabi\u00e1n Mu\u00f1oz, jefe de Coordinaci\u00f3n Administrativa.<\/em><\/p>\n<p>Op: Juan Llarena<\/p>\n","protected":false},"excerpt":{"rendered":"<p>En una sesi\u00f3n que cont\u00f3 con la presencia de todos los funcionarios de la cartera, se abordaron temas cruciales relacionados con el contexto provincial actual. Durante la reuni\u00f3n, los integrantes del gabinete discutieron el sistema de trabajo que implementar\u00e1n y se enfocaron en las pol\u00edticas gubernamentales y soluciones para abordar las necesidades planteadas por la ciudadan\u00eda en relaci\u00f3n con los servicios proporcionados por el Ministerio.<br \/>\n Entre los participantes se encontraban la ministra Laura Palma, la secretaria de Relaciones Institucionales, Claudia Sarmiento, el secretario de Gobierno, Justicia y DDHH, Jos\u00e9 Dubos, y el secretario de Tr\u00e1nsito y Transporte, Marcelo Molina.<br \/>\n Adem\u00e1s, estuvieron presentes Carlos Ma\u00f1e, director de Protecci\u00f3n y Promoci\u00f3n de DDHH; Ver\u00f3nica Benedetto, directora del Registro del Estado Civil y Capacidad de las Personas; Maria Eugenia Gonz\u00e1lez, subdirectora del Registro Civil; Franco Marchese, subsecretario de Trabajo; Marcelo Cerdera, director de Relacione..<\/p>\n","protected":false},"author":2,"featured_media":15970,"comment_status":"","ping_status":"","sticky":false,"template":"","format":"standard","meta":{"footnotes":""},"categories":[8],"tags":[],"_links":{"self":[{"href":"https:\/\/maxradio923.com.ar\/index.php\/wp-json\/wp\/v2\/posts\/15969"}],"collection":[{"href":"https:\/\/maxradio923.com.ar\/index.php\/wp-json\/wp\/v2\/posts"}],"about":[{"href":"https:\/\/maxradio923.com.ar\/index.php\/wp-json\/wp\/v2\/types\/post"}],"author":[{"embeddable":true,"href":"https:\/\/maxradio923.com.ar\/index.php\/wp-json\/wp\/v2\/users\/2"}],"replies":[{"embeddable":true,"href":"https:\/\/maxradio923.com.ar\/index.php\/wp-json\/wp\/v2\/comments?post=15969"}],"version-history":[{"count":0,"href":"https:\/\/maxradio923.com.ar\/index.php\/wp-json\/wp\/v2\/posts\/15969\/revisions"}],"wp:featuredmedia":[{"embeddable":true,"href":"https:\/\/maxradio923.com.ar\/index.php\/wp-json\/wp\/v2\/media\/15970"}],"wp:attachment":[{"href":"https:\/\/maxradio923.com.ar\/index.php\/wp-json\/wp\/v2\/media?parent=15969"}],"wp:term":[{"taxonomy":"category","embeddable":true,"href":"https:\/\/maxradio923.com.ar\/index.php\/wp-json\/wp\/v2\/categories?post=15969"},{"taxonomy":"post_tag","embeddable":true,"href":"https:\/\/maxradio923.com.ar\/index.php\/wp-json\/wp\/v2\/tags?post=15969"}],"curies":[{"name":"wp","href":"https:\/\/api.w.org\/{rel}","templated":true}]}}