{"id":15967,"date":"2024-01-07T16:33:11","date_gmt":"2024-01-07T19:33:11","guid":{"rendered":"https:\/\/maxradio923.com.ar\/index.php\/2024\/01\/07\/impulsaran-colaboracion-para-fortalecer-emprendimientos-de-pueblos-originarios-en-san-juan\/"},"modified":"2024-01-07T16:33:11","modified_gmt":"2024-01-07T19:33:11","slug":"impulsaran-colaboracion-para-fortalecer-emprendimientos-de-pueblos-originarios-en-san-juan","status":"publish","type":"post","link":"https:\/\/maxradio923.com.ar\/index.php\/2024\/01\/07\/impulsaran-colaboracion-para-fortalecer-emprendimientos-de-pueblos-originarios-en-san-juan\/","title":{"rendered":"Impulsar\u00e1n Colaboraci\u00f3n para Fortalecer Emprendimientos de Pueblos Originarios en San Juan"},"content":{"rendered":"<p><img decoding=\"async\" src=\"https:\/\/diariod3.com\/wp-content\/uploads\/2024\/01\/53444177909_8b8111c763_b.jpg\"\/><\/p>\n<p><em>Durante la reuni\u00f3n, se enfocaron en crear un di\u00e1logo constante para comprender las problem\u00e1ticas, la cosmovisi\u00f3n y los conocimientos culturales del sector. El ministro Platero destac\u00f3 la importancia de trabajar en pol\u00edticas de estado inclusivas, reconociendo la preexistencia \u00e9tnica y cultural de los pueblos originarios en San Juan.<\/em><\/p>\n<p><img decoding=\"async\" src=\"https:\/\/live.staticflickr.com\/65535\/53444268915_80016f2431_b.jpg\"\/><\/p>\n<p><em>Adem\u00e1s de abordar cuestiones socioecon\u00f3micas, las comunidades expresaron su inter\u00e9s en expandir sus actividades comerciales a trav\u00e9s del emprendedurismo. Entre los proyectos destacados se encuentran la cooperativa de alfajores de algarrobo producidos por Polok Nenu y el sistema hidrop\u00f3nico, entre otras iniciativas productivas.<\/em><\/p>\n<p><em>El Ministerio de Familia y Desarrollo Humano se compromete a seguir fortaleciendo la matriz productiva de las diversas actividades emprendidas por los Pueblos Originarios en San Juan. El encuentro cont\u00f3 con la participaci\u00f3n del ministro Carlos Platero, la directora de Pol\u00edticas para la Equidad, Natalia S\u00e1nchez, y representantes de diversas comunidades ind\u00edgenas.<\/em><\/p>\n<p>Op: Juan Llarena<\/p>\n","protected":false},"excerpt":{"rendered":"<p>Durante la reuni\u00f3n, se enfocaron en crear un di\u00e1logo constante para comprender las problem\u00e1ticas, la cosmovisi\u00f3n y los conocimientos culturales del sector. El ministro Platero destac\u00f3 la importancia de trabajar en pol\u00edticas de estado inclusivas, reconociendo la preexistencia \u00e9tnica y cultural de los pueblos originarios en San Juan.<\/p>\n<p> Adem\u00e1s de abordar cuestiones socioecon\u00f3micas, las comunidades expresaron su inter\u00e9s en expandir sus actividades comerciales a trav\u00e9s del emprendedurismo. Entre los proyectos destacados se encuentran la cooperativa de alfajores de algarrobo producidos por Polok Nenu y el sistema hidrop\u00f3nico, entre otras iniciativas productivas.<br \/>\n El Ministerio de Familia y Desarrollo Humano se compromete a seguir fortaleciendo la matriz productiva de las diversas actividades emprendidas por los Pueblos Originarios en San Juan. El encuentro cont\u00f3 con la participaci\u00f3n del ministro Carlos Platero, la directora de Pol\u00edticas para la Equidad, Natalia S\u00e1nchez, y representantes de d..<\/p>\n","protected":false},"author":2,"featured_media":15968,"comment_status":"","ping_status":"","sticky":false,"template":"","format":"standard","meta":{"footnotes":""},"categories":[8],"tags":[],"_links":{"self":[{"href":"https:\/\/maxradio923.com.ar\/index.php\/wp-json\/wp\/v2\/posts\/15967"}],"collection":[{"href":"https:\/\/maxradio923.com.ar\/index.php\/wp-json\/wp\/v2\/posts"}],"about":[{"href":"https:\/\/maxradio923.com.ar\/index.php\/wp-json\/wp\/v2\/types\/post"}],"author":[{"embeddable":true,"href":"https:\/\/maxradio923.com.ar\/index.php\/wp-json\/wp\/v2\/users\/2"}],"replies":[{"embeddable":true,"href":"https:\/\/maxradio923.com.ar\/index.php\/wp-json\/wp\/v2\/comments?post=15967"}],"version-history":[{"count":0,"href":"https:\/\/maxradio923.com.ar\/index.php\/wp-json\/wp\/v2\/posts\/15967\/revisions"}],"wp:featuredmedia":[{"embeddable":true,"href":"https:\/\/maxradio923.com.ar\/index.php\/wp-json\/wp\/v2\/media\/15968"}],"wp:attachment":[{"href":"https:\/\/maxradio923.com.ar\/index.php\/wp-json\/wp\/v2\/media?parent=15967"}],"wp:term":[{"taxonomy":"category","embeddable":true,"href":"https:\/\/maxradio923.com.ar\/index.php\/wp-json\/wp\/v2\/categories?post=15967"},{"taxonomy":"post_tag","embeddable":true,"href":"https:\/\/maxradio923.com.ar\/index.php\/wp-json\/wp\/v2\/tags?post=15967"}],"curies":[{"name":"wp","href":"https:\/\/api.w.org\/{rel}","templated":true}]}}