{"id":15963,"date":"2024-01-07T16:32:38","date_gmt":"2024-01-07T19:32:38","guid":{"rendered":"https:\/\/maxradio923.com.ar\/index.php\/2024\/01\/07\/fin-de-semana-repleto-de-actividades-en-rawson\/"},"modified":"2024-01-07T16:32:38","modified_gmt":"2024-01-07T19:32:38","slug":"fin-de-semana-repleto-de-actividades-en-rawson","status":"publish","type":"post","link":"https:\/\/maxradio923.com.ar\/index.php\/2024\/01\/07\/fin-de-semana-repleto-de-actividades-en-rawson\/","title":{"rendered":"\u00a1Fin de semana repleto de actividades en Rawson!"},"content":{"rendered":"<p><img decoding=\"async\" src=\"https:\/\/grupomorenomedios.com.ar\/wp-content\/uploads\/2024\/01\/reyes-magos.jpe\"\/><\/p>\n<p><img decoding=\"async\" src=\"https:\/\/diariod3.com\/wp-content\/uploads\/2024\/01\/reyes-magos.jpeg\"\/><\/p>\n<p>Comenzamos con la Feria de Emprendedores en Movimiento, una oportunidad para apoyar el desarrollo de los emprendedores locales. Experimenta shows en vivo y aprovecha para realizar compras locales el viernes 05 de enero a las 19:00 horas en el Monumento Cruce de Los Andes.<\/p>\n<p><img decoding=\"async\" src=\"https:\/\/radiod3.com\/wp-content\/uploads\/2024\/01\/WhatsApp-Image-2024-01-05-at-11.51.54-1.jpeg\"\/><\/p>\n<p>Adem\u00e1s, el viernes 05 de enero, se llevar\u00e1 a cabo la Peatonal de Reyes, donde la magia de los Reyes Magos llega a Rawson. Habr\u00e1 sorteos, premios, sorpresas y espect\u00e1culos art\u00edsticos para los m\u00e1s peque\u00f1os. La cita es en la Plaza Centenario de Villa Krause a partir de las 18:00hs. Por este motivo, habr\u00e1 corte de calle Boulevard Sarmiento desde Av. Espa\u00f1a hasta Santa Rosa, se convertir\u00e1 en peatonal hasta las 00hs.<\/p>\n<p>El s\u00e1bado 06 de enero, esta la oportunidad de visitar la Feria Agroproductiva, donde los productores locales exhibir\u00e1n y vender\u00e1n una amplia variedad de productos frescos como frutas, verduras, miel, huevos, vinos, dulces, conservas, aceite de oliva, aceitunas y plantas. La feria estar\u00e1 abierta desde las 8:00 hasta las 13:30 horas en Plaza Centenario de Villa Krause.<\/p>\n<p><img decoding=\"async\" src=\"https:\/\/radiod3.com\/wp-content\/uploads\/2024\/01\/WhatsApp-Image-2024-01-05-at-11.51.55.jpeg\"\/><\/p>\n<p>Por la tarde, habr\u00e1 una nueva edici\u00f3n de Compr\u00e1 en Rawson, con espect\u00e1culos art\u00edsticos para disfrutar de la tarde rawsina.<br \/>Recordando los cortes de calle que extender\u00e1n hasta las 00hs en las intersecciones de Boulevard Sarmiento y Espa\u00f1a; Ingeniero Krause y Quiroga; Santa Rosa y Quiroga; Boulevard Sarmiento y Pasaje Patria; y Torino y Santa Rosa.<\/p>\n<p><img decoding=\"async\" src=\"https:\/\/radiod3.com\/wp-content\/uploads\/2024\/01\/WhatsApp-Image-2024-01-05-at-11.51.56.jpeg\"\/><\/p>\n<p>Y para cerrar el fin de semana, tienes la Feria de la Econom\u00eda Social en Acci\u00f3n, donde se busca promover el desarrollo local y el crecimiento de los emprendedores de la econom\u00eda social en la ciudad de Rawson. Esta feria se llevar\u00e1 a cabo los d\u00edas 05, 06 y 07 de enero en la Plaza Centenario de Villa Krause desde las 19:00 hasta las 23:00 horas.<\/p>\n<p>Op: Juan Llarena<\/p>\n<p>La entrada \u00a1Fin de semana repleto de actividades en Rawson! se public\u00f3 primero en DIARIO DIGITAL MORENO MEDIOS.<\/p>\n","protected":false},"excerpt":{"rendered":"<p>Comenzamos con la Feria de Emprendedores en Movimiento, una oportunidad para apoyar el desarrollo de los emprendedores locales. Experimenta shows en vivo y aprovecha para realizar compras locales el viernes 05 de enero a las 19:00 horas en el Monumento Cruce de Los Andes. Adem\u00e1s, el viernes 05 de enero, se llevar\u00e1 a cabo la [&hellip;]<\/p>\n","protected":false},"author":1,"featured_media":15964,"comment_status":"","ping_status":"","sticky":false,"template":"","format":"standard","meta":{"footnotes":""},"categories":[5],"tags":[],"_links":{"self":[{"href":"https:\/\/maxradio923.com.ar\/index.php\/wp-json\/wp\/v2\/posts\/15963"}],"collection":[{"href":"https:\/\/maxradio923.com.ar\/index.php\/wp-json\/wp\/v2\/posts"}],"about":[{"href":"https:\/\/maxradio923.com.ar\/index.php\/wp-json\/wp\/v2\/types\/post"}],"author":[{"embeddable":true,"href":"https:\/\/maxradio923.com.ar\/index.php\/wp-json\/wp\/v2\/users\/1"}],"replies":[{"embeddable":true,"href":"https:\/\/maxradio923.com.ar\/index.php\/wp-json\/wp\/v2\/comments?post=15963"}],"version-history":[{"count":0,"href":"https:\/\/maxradio923.com.ar\/index.php\/wp-json\/wp\/v2\/posts\/15963\/revisions"}],"wp:featuredmedia":[{"embeddable":true,"href":"https:\/\/maxradio923.com.ar\/index.php\/wp-json\/wp\/v2\/media\/15964"}],"wp:attachment":[{"href":"https:\/\/maxradio923.com.ar\/index.php\/wp-json\/wp\/v2\/media?parent=15963"}],"wp:term":[{"taxonomy":"category","embeddable":true,"href":"https:\/\/maxradio923.com.ar\/index.php\/wp-json\/wp\/v2\/categories?post=15963"},{"taxonomy":"post_tag","embeddable":true,"href":"https:\/\/maxradio923.com.ar\/index.php\/wp-json\/wp\/v2\/tags?post=15963"}],"curies":[{"name":"wp","href":"https:\/\/api.w.org\/{rel}","templated":true}]}}