{"id":15961,"date":"2024-01-07T16:32:37","date_gmt":"2024-01-07T19:32:37","guid":{"rendered":"https:\/\/maxradio923.com.ar\/index.php\/2024\/01\/07\/accidente-en-albardon-vuelco-de-familia-portena\/"},"modified":"2024-01-07T16:32:37","modified_gmt":"2024-01-07T19:32:37","slug":"accidente-en-albardon-vuelco-de-familia-portena","status":"publish","type":"post","link":"https:\/\/maxradio923.com.ar\/index.php\/2024\/01\/07\/accidente-en-albardon-vuelco-de-familia-portena\/","title":{"rendered":"Accidente en Albard\u00f3n: Vuelco de familia porte\u00f1a"},"content":{"rendered":"<p><img decoding=\"async\" src=\"https:\/\/grupomorenomedios.com.ar\/wp-content\/uploads\/2024\/01\/Fase-III-Hospital-Rawson-Institucional-23-10-2017.jpe\"\/><\/p>\n<p><img decoding=\"async\" src=\"https:\/\/diariod3.com\/wp-content\/uploads\/2023\/12\/Fase-III-Hospital-Rawson-Institucional-23-10-2017.jpeg\"\/><\/p>\n<p>Una familia proveniente de Buenos Aires vivi\u00f3 momentos de angustia al protagonizar un vuelco en la localidad de Albard\u00f3n. El incidente ocurri\u00f3 en calle La Laja, cuando el conductor de un auto Ford Focus perdi\u00f3 el control del veh\u00edculo, resultando en el vuelco.<\/p>\n<p>Afortunadamente, tras recibir atenci\u00f3n m\u00e9dica, fueron dados de alta. Las autoridades locales est\u00e1n investigando las circunstancias exactas del accidente para determinar las responsabilidades y garantizar la seguridad vial en la zona.<\/p>\n<p>Op: Juan Llarena<\/p>\n<p>La entrada Accidente en Albard\u00f3n: Vuelco de familia porte\u00f1a se public\u00f3 primero en DIARIO DIGITAL MORENO MEDIOS.<\/p>\n","protected":false},"excerpt":{"rendered":"<p>Una familia proveniente de Buenos Aires vivi\u00f3 momentos de angustia al protagonizar un vuelco en la localidad de Albard\u00f3n. El incidente ocurri\u00f3 en calle La Laja, cuando el conductor de un auto Ford Focus perdi\u00f3 el control del veh\u00edculo, resultando en el vuelco. Afortunadamente, tras recibir atenci\u00f3n m\u00e9dica, fueron dados de alta. Las autoridades locales [&hellip;]<\/p>\n","protected":false},"author":1,"featured_media":15962,"comment_status":"","ping_status":"","sticky":false,"template":"","format":"standard","meta":{"footnotes":""},"categories":[5],"tags":[],"_links":{"self":[{"href":"https:\/\/maxradio923.com.ar\/index.php\/wp-json\/wp\/v2\/posts\/15961"}],"collection":[{"href":"https:\/\/maxradio923.com.ar\/index.php\/wp-json\/wp\/v2\/posts"}],"about":[{"href":"https:\/\/maxradio923.com.ar\/index.php\/wp-json\/wp\/v2\/types\/post"}],"author":[{"embeddable":true,"href":"https:\/\/maxradio923.com.ar\/index.php\/wp-json\/wp\/v2\/users\/1"}],"replies":[{"embeddable":true,"href":"https:\/\/maxradio923.com.ar\/index.php\/wp-json\/wp\/v2\/comments?post=15961"}],"version-history":[{"count":0,"href":"https:\/\/maxradio923.com.ar\/index.php\/wp-json\/wp\/v2\/posts\/15961\/revisions"}],"wp:featuredmedia":[{"embeddable":true,"href":"https:\/\/maxradio923.com.ar\/index.php\/wp-json\/wp\/v2\/media\/15962"}],"wp:attachment":[{"href":"https:\/\/maxradio923.com.ar\/index.php\/wp-json\/wp\/v2\/media?parent=15961"}],"wp:term":[{"taxonomy":"category","embeddable":true,"href":"https:\/\/maxradio923.com.ar\/index.php\/wp-json\/wp\/v2\/categories?post=15961"},{"taxonomy":"post_tag","embeddable":true,"href":"https:\/\/maxradio923.com.ar\/index.php\/wp-json\/wp\/v2\/tags?post=15961"}],"curies":[{"name":"wp","href":"https:\/\/api.w.org\/{rel}","templated":true}]}}