{"id":15943,"date":"2024-01-07T02:42:33","date_gmt":"2024-01-07T05:42:33","guid":{"rendered":"https:\/\/maxradio923.com.ar\/index.php\/2024\/01\/07\/un-50-menos-de-sanjuaninos-viajo-a-la-serena-respecto-al-2023\/"},"modified":"2024-01-07T02:42:33","modified_gmt":"2024-01-07T05:42:33","slug":"un-50-menos-de-sanjuaninos-viajo-a-la-serena-respecto-al-2023","status":"publish","type":"post","link":"https:\/\/maxradio923.com.ar\/index.php\/2024\/01\/07\/un-50-menos-de-sanjuaninos-viajo-a-la-serena-respecto-al-2023\/","title":{"rendered":"Un 50% menos de sanjuaninos viaj\u00f3 a La Serena, respecto al 2023"},"content":{"rendered":"<p><img decoding=\"async\" src=\"https:\/\/diariod3.com\/wp-content\/uploads\/2024\/01\/la-serenajpg.webp\"\/>     <\/p>\n<h2>Desde el 30 de noviembre hasta el 3 de enero, tan solo 4673 personas salieron hacia La Serena en m\u00e1s de 1500 veh\u00edculos.<\/h2>\n<p>                <img decoding=\"async\" title=\"Un 50% menos de sanjuaninos viaj\u00f3 a La Serena, respecto al 2023\" src=\"https:\/\/media.sanjuan8.com\/p\/254fea4968ed0d7fdf182def097d9fa4\/adjuntos\/303\/imagenes\/009\/099\/0009099475\/1200x0\/smart\/la-serenajpg.jpg\" alt=\"Un 50% menos de sanjuaninos viaj\u00f3 a La Serena, respecto al 2023\"\/>     <img decoding=\"async\" title=\"Un 50% menos de sanjuaninos viaj\u00f3 a La Serena, respecto al 2023\" src=\"https:\/\/media.sanjuan8.com\/p\/4e667a55934e81f81d86f9c9a9894bcd\/adjuntos\/303\/imagenes\/007\/057\/0007057461\/la-serena-chile.jpg\" alt=\"Un 50% menos de sanjuaninos viaj\u00f3 a La Serena, respecto al 2023\"\/>        <img decoding=\"async\" title=\"Siguiente\" src=\"https:\/\/www.sanjuan8.com\/css-custom\/303\/images\/f_der3.png\" alt=\"Siguiente\"\/>           <\/p>\n<p>Uno de los destinos tur\u00edsticos preferidos por los sanjuaninos, por cercan\u00eda al mar, dej\u00f3 de ser la vedette de la temporada. Actualmente, <strong>La Serena<\/strong> est\u00e1 experimentado un descenso significativo en su afluencia tur\u00edstica proveniente de San Juan. <strong>Seg\u00fan los datos recopilados muestran que, en el periodo 2022-2023, un total de 37.947 personas viajaron a Chile por el Paso de Agua Negra.<\/strong><\/p>\n<p>En diciembre de 2022, unos 2683 veh\u00edculos transportaron a 8875 personas; mientras que en enero de 2023, fueron unos 8149 veh\u00edculos que llevaron a 29162 visitantes a la ciudad costera. <strong>Sin embargo, la reciente temporada, marcada por cambios econ\u00f3micos, ha experimentado un retroceso.<\/strong><\/p>\n<p>Desde el 30 de noviembre hasta el 3 de enero, tan solo 4673 personas salieron hacia La Serena en m\u00e1s de 1500 veh\u00edculos. Claudia Sarmiento, secretaria de Relaciones Institucionales del Ministerio de Gobierno, afirm\u00f3 que, aunque no hay restricciones t\u00e9cnicas que impidan el viaje como el estado del camino, la situaci\u00f3n econ\u00f3mica del pa\u00eds ha influido en la disminuci\u00f3n de sanjuaninos que eligen Chile como lugar de descanso.<\/p>\n<p><strong>Porcentaje de Disminuci\u00f3n:<\/strong><\/p>\n<p>Temporada 2023-2024: 87,7% de disminuci\u00f3n en comparaci\u00f3n con el mismo periodo anterior.<\/p>\n<p>La Serena, conocida por su encanto y belleza, ahora enfrenta el desaf\u00edo de revitalizar su atractivo tur\u00edstico en medio de un contexto econ\u00f3mico desafiante.<\/p>\n<p>  <img decoding=\"async\" src=\"https:\/\/media.sanjuan8.com\/p\/cca416be3938e3cb1ecd073d1853adef\/adjuntos\/303\/imagenes\/009\/244\/0009244135\/1200x0\/smart\/aduana-chile-paso-agua-negrajpeg.jpeg\"\/>    <\/p>\n<p><strong>D\u00edas y horarios<\/strong>:<\/p>\n<p>La apertura oficial del Paso Agua Negra y la puesta en funcionamiento de los Servicios de Controles Fronterizos tuvo inicio el d\u00eda jueves 30 de noviembre del 2023.<\/p>\n<p>Desde el 01 de diciembre de 2023 hasta el 12 de marzo de 2024 el paso funciona diariamente, de lunes a domingo incluyendo festivos, entre las 07:00 y las 17:00 horas para usuarios que salen del pa\u00eds y de 07 a las 21; horario que se mantendr\u00e1 durante toda la temporada de apertura, hasta el cierre oficial del Paso, cuya fecha ser\u00e1 comunicada oportunamente.<\/p>\n","protected":false},"excerpt":{"rendered":"<p>Desde el 30 de noviembre hasta el 3 de enero, tan solo 4673 personas salieron hacia La Serena en m\u00e1s de 1500 veh\u00edculos. Uno de los destinos tur\u00edsticos preferidos por los sanjuaninos, por cercan\u00eda al mar, dej\u00f3 de ser la vedette de la temporada. Actualmente, La Serena est\u00e1 experimentado un descenso significativo en su afluencia tur\u00edstica proveniente de San Juan. Seg\u00fan los datos recopilados muestran que, en el periodo 2022-2023, un total de 37.947 personas viajaron a Chile por el Paso de Agua Negra.<br \/>\n En diciembre de 2022, unos 2683 veh\u00edculos transportaron a 8875 personas; mientras que en enero de 2023, fueron unos 8149 veh\u00edculos que llevaron a 29162 visitantes a la ciudad costera. Sin embargo, la reciente temporada, marcada por cambios econ\u00f3micos, ha experimentado un retroceso.<br \/>\n Desde el 30 de noviembre hasta el 3 de enero, tan solo 4673 personas salieron hacia La Serena en m\u00e1s de 1500 veh\u00edculos. Claudia Sarmiento, secretaria de Relaciones Institucionales del Ministerio de Gobierno, afirm..<\/p>\n","protected":false},"author":2,"featured_media":15944,"comment_status":"","ping_status":"","sticky":false,"template":"","format":"standard","meta":{"footnotes":""},"categories":[10],"tags":[],"_links":{"self":[{"href":"https:\/\/maxradio923.com.ar\/index.php\/wp-json\/wp\/v2\/posts\/15943"}],"collection":[{"href":"https:\/\/maxradio923.com.ar\/index.php\/wp-json\/wp\/v2\/posts"}],"about":[{"href":"https:\/\/maxradio923.com.ar\/index.php\/wp-json\/wp\/v2\/types\/post"}],"author":[{"embeddable":true,"href":"https:\/\/maxradio923.com.ar\/index.php\/wp-json\/wp\/v2\/users\/2"}],"replies":[{"embeddable":true,"href":"https:\/\/maxradio923.com.ar\/index.php\/wp-json\/wp\/v2\/comments?post=15943"}],"version-history":[{"count":0,"href":"https:\/\/maxradio923.com.ar\/index.php\/wp-json\/wp\/v2\/posts\/15943\/revisions"}],"wp:featuredmedia":[{"embeddable":true,"href":"https:\/\/maxradio923.com.ar\/index.php\/wp-json\/wp\/v2\/media\/15944"}],"wp:attachment":[{"href":"https:\/\/maxradio923.com.ar\/index.php\/wp-json\/wp\/v2\/media?parent=15943"}],"wp:term":[{"taxonomy":"category","embeddable":true,"href":"https:\/\/maxradio923.com.ar\/index.php\/wp-json\/wp\/v2\/categories?post=15943"},{"taxonomy":"post_tag","embeddable":true,"href":"https:\/\/maxradio923.com.ar\/index.php\/wp-json\/wp\/v2\/tags?post=15943"}],"curies":[{"name":"wp","href":"https:\/\/api.w.org\/{rel}","templated":true}]}}