{"id":15933,"date":"2024-01-07T02:42:06","date_gmt":"2024-01-07T05:42:06","guid":{"rendered":"https:\/\/maxradio923.com.ar\/index.php\/2024\/01\/07\/como-es-no-me-llame-ternera-el-documental-sobre-la-eta-que-estreno-netflix-y-causo-polemica-en-san-sebastian\/"},"modified":"2024-01-07T02:42:06","modified_gmt":"2024-01-07T05:42:06","slug":"como-es-no-me-llame-ternera-el-documental-sobre-la-eta-que-estreno-netflix-y-causo-polemica-en-san-sebastian","status":"publish","type":"post","link":"https:\/\/maxradio923.com.ar\/index.php\/2024\/01\/07\/como-es-no-me-llame-ternera-el-documental-sobre-la-eta-que-estreno-netflix-y-causo-polemica-en-san-sebastian\/","title":{"rendered":"C\u00f3mo es No me llame Ternera, el documental sobre la ETA que estren\u00f3 Netflix y caus\u00f3 pol\u00e9mica en San Sebasti\u00e1n"},"content":{"rendered":"<ul>\n<li>Es una extensa entrevista a quien fue considerado l\u00edder de la organizaci\u00f3n terrorista.<\/li>\n<li>El valor de las preguntas y del testimonio.<\/li>\n<\/ul>\n","protected":false},"excerpt":{"rendered":"<p>Es una extensa entrevista a quien fue considerado l\u00edder de la organizaci\u00f3n terrorista. El valor de las preguntas y del testimonio.<\/p>\n","protected":false},"author":2,"featured_media":15934,"comment_status":"","ping_status":"","sticky":false,"template":"","format":"standard","meta":{"footnotes":""},"categories":[4],"tags":[],"_links":{"self":[{"href":"https:\/\/maxradio923.com.ar\/index.php\/wp-json\/wp\/v2\/posts\/15933"}],"collection":[{"href":"https:\/\/maxradio923.com.ar\/index.php\/wp-json\/wp\/v2\/posts"}],"about":[{"href":"https:\/\/maxradio923.com.ar\/index.php\/wp-json\/wp\/v2\/types\/post"}],"author":[{"embeddable":true,"href":"https:\/\/maxradio923.com.ar\/index.php\/wp-json\/wp\/v2\/users\/2"}],"replies":[{"embeddable":true,"href":"https:\/\/maxradio923.com.ar\/index.php\/wp-json\/wp\/v2\/comments?post=15933"}],"version-history":[{"count":0,"href":"https:\/\/maxradio923.com.ar\/index.php\/wp-json\/wp\/v2\/posts\/15933\/revisions"}],"wp:featuredmedia":[{"embeddable":true,"href":"https:\/\/maxradio923.com.ar\/index.php\/wp-json\/wp\/v2\/media\/15934"}],"wp:attachment":[{"href":"https:\/\/maxradio923.com.ar\/index.php\/wp-json\/wp\/v2\/media?parent=15933"}],"wp:term":[{"taxonomy":"category","embeddable":true,"href":"https:\/\/maxradio923.com.ar\/index.php\/wp-json\/wp\/v2\/categories?post=15933"},{"taxonomy":"post_tag","embeddable":true,"href":"https:\/\/maxradio923.com.ar\/index.php\/wp-json\/wp\/v2\/tags?post=15933"}],"curies":[{"name":"wp","href":"https:\/\/api.w.org\/{rel}","templated":true}]}}