{"id":15921,"date":"2024-01-07T02:41:37","date_gmt":"2024-01-07T05:41:37","guid":{"rendered":"https:\/\/maxradio923.com.ar\/index.php\/2024\/01\/07\/abarca-anuncio-la-suspension-de-la-fiesta-de-albardon-2024-en-una-conferencia-de-prensa\/"},"modified":"2024-01-07T02:41:37","modified_gmt":"2024-01-07T05:41:37","slug":"abarca-anuncio-la-suspension-de-la-fiesta-de-albardon-2024-en-una-conferencia-de-prensa","status":"publish","type":"post","link":"https:\/\/maxradio923.com.ar\/index.php\/2024\/01\/07\/abarca-anuncio-la-suspension-de-la-fiesta-de-albardon-2024-en-una-conferencia-de-prensa\/","title":{"rendered":"Abarca anunci\u00f3 la suspensi\u00f3n de la Fiesta de Albard\u00f3n 2024 en una conferencia de prensa"},"content":{"rendered":"<p><img decoding=\"async\" src=\"https:\/\/grupomorenomedios.com.ar\/wp-content\/uploads\/2024\/01\/albardon-jpg.png\"\/><\/p>\n<p><img decoding=\"async\" src=\"https:\/\/diariod3.com\/wp-content\/uploads\/2024\/01\/albardon-jpg.png\"\/><\/p>\n<p>Abarca enfatiz\u00f3 que la celebraci\u00f3n ser\u00e1 reemplazada por proyectos de infraestructura y obras en todo el departamento.<\/p>\n<p>Debido a las dificultades econ\u00f3micas a nivel nacional y provincial, se optar\u00e1 por invertir en obras que beneficien a la comunidad. Aunque se mencion\u00f3 la posibilidad de trasladar la fiesta para m\u00e1s adelante, no se proporcionaron fechas concretas.<\/p>\n<p>Entre las obras mencionadas por Abarca se incluyen un acueducto que conectar\u00e1 Campo Afuera con los barrios recientemente inaugurados, una perforaci\u00f3n en Las Tapias para extraer agua, y la construcci\u00f3n de un nexo entre la plaza de Albard\u00f3n y el Parque Latinoamericano. Estas obras se llevar\u00e1n a cabo a lo largo del mes y se ir\u00e1n inaugurando progresivamente.<\/p>\n<p>En cuanto a la parte art\u00edstica y cultural de la fiesta, se mantendr\u00e1n presentaciones en el Parque Latinoamericano con la participaci\u00f3n de artistas locales y academias de danza. La medida busca equilibrar las necesidades financieras del municipio con el deseo de mantener la tradici\u00f3n cultural y art\u00edstica de la comunidad.<\/p>\n<p>Op: Juan Llarena<\/p>\n<p>La entrada Abarca anunci\u00f3 la suspensi\u00f3n de la Fiesta de Albard\u00f3n 2024 en una conferencia de prensa se public\u00f3 primero en DIARIO DIGITAL MORENO MEDIOS.<\/p>\n","protected":false},"excerpt":{"rendered":"<p>Abarca enfatiz\u00f3 que la celebraci\u00f3n ser\u00e1 reemplazada por proyectos de infraestructura y obras en todo el departamento. Debido a las dificultades econ\u00f3micas a nivel nacional y provincial, se optar\u00e1 por invertir en obras que beneficien a la comunidad. Aunque se mencion\u00f3 la posibilidad de trasladar la fiesta para m\u00e1s adelante, no se proporcionaron fechas concretas. [&hellip;]<\/p>\n","protected":false},"author":1,"featured_media":15922,"comment_status":"","ping_status":"","sticky":false,"template":"","format":"standard","meta":{"footnotes":""},"categories":[5],"tags":[],"_links":{"self":[{"href":"https:\/\/maxradio923.com.ar\/index.php\/wp-json\/wp\/v2\/posts\/15921"}],"collection":[{"href":"https:\/\/maxradio923.com.ar\/index.php\/wp-json\/wp\/v2\/posts"}],"about":[{"href":"https:\/\/maxradio923.com.ar\/index.php\/wp-json\/wp\/v2\/types\/post"}],"author":[{"embeddable":true,"href":"https:\/\/maxradio923.com.ar\/index.php\/wp-json\/wp\/v2\/users\/1"}],"replies":[{"embeddable":true,"href":"https:\/\/maxradio923.com.ar\/index.php\/wp-json\/wp\/v2\/comments?post=15921"}],"version-history":[{"count":0,"href":"https:\/\/maxradio923.com.ar\/index.php\/wp-json\/wp\/v2\/posts\/15921\/revisions"}],"wp:featuredmedia":[{"embeddable":true,"href":"https:\/\/maxradio923.com.ar\/index.php\/wp-json\/wp\/v2\/media\/15922"}],"wp:attachment":[{"href":"https:\/\/maxradio923.com.ar\/index.php\/wp-json\/wp\/v2\/media?parent=15921"}],"wp:term":[{"taxonomy":"category","embeddable":true,"href":"https:\/\/maxradio923.com.ar\/index.php\/wp-json\/wp\/v2\/categories?post=15921"},{"taxonomy":"post_tag","embeddable":true,"href":"https:\/\/maxradio923.com.ar\/index.php\/wp-json\/wp\/v2\/tags?post=15921"}],"curies":[{"name":"wp","href":"https:\/\/api.w.org\/{rel}","templated":true}]}}