{"id":15913,"date":"2024-01-07T02:40:29","date_gmt":"2024-01-07T05:40:29","guid":{"rendered":"https:\/\/maxradio923.com.ar\/index.php\/2024\/01\/07\/fuerte-caida-del-consumo-en-el-inicio-de-la-era-milei-golpeado-por-la-ola-de-remarcaciones-y-la-caida-del-salario-real\/"},"modified":"2024-01-07T02:40:29","modified_gmt":"2024-01-07T05:40:29","slug":"fuerte-caida-del-consumo-en-el-inicio-de-la-era-milei-golpeado-por-la-ola-de-remarcaciones-y-la-caida-del-salario-real","status":"publish","type":"post","link":"https:\/\/maxradio923.com.ar\/index.php\/2024\/01\/07\/fuerte-caida-del-consumo-en-el-inicio-de-la-era-milei-golpeado-por-la-ola-de-remarcaciones-y-la-caida-del-salario-real\/","title":{"rendered":"Fuerte ca\u00edda del consumo en el inicio de la era Milei, golpeado por la ola de remarcaciones y la ca\u00edda del salario real"},"content":{"rendered":"<ul>\n<li>Por la suba del d\u00f3lar y la &quot;liberaci\u00f3n&quot; de precios, hubo una retracci\u00f3n de las ventas en forma generalizada.<\/li>\n<li>En consumo masivo, la demanda se resinti\u00f3 en la \u00faltima semana. Los almaceneros dicen que sus ventas cayeron 50%.<\/li>\n<li>Empresas de autos, motos, electrodom\u00e9sticos y constructoras proyectan &quot;un a\u00f1o dif\u00edcil&quot;. <\/li>\n<\/ul>\n","protected":false},"excerpt":{"rendered":"<p>Por la suba del d\u00f3lar y la &#8220;liberaci\u00f3n&#8221; de precios, hubo una retracci\u00f3n de las ventas en forma generalizada.En consumo masivo, la demanda se resinti\u00f3 en la \u00faltima semana. Los almaceneros dicen que sus ventas cayeron 50%.Empresas de autos, motos, electrodom\u00e9sticos y constructoras proyectan &#8220;un a\u00f1o dif\u00edcil&#8221;.<\/p>\n","protected":false},"author":2,"featured_media":15914,"comment_status":"","ping_status":"","sticky":false,"template":"","format":"standard","meta":{"footnotes":""},"categories":[2],"tags":[],"_links":{"self":[{"href":"https:\/\/maxradio923.com.ar\/index.php\/wp-json\/wp\/v2\/posts\/15913"}],"collection":[{"href":"https:\/\/maxradio923.com.ar\/index.php\/wp-json\/wp\/v2\/posts"}],"about":[{"href":"https:\/\/maxradio923.com.ar\/index.php\/wp-json\/wp\/v2\/types\/post"}],"author":[{"embeddable":true,"href":"https:\/\/maxradio923.com.ar\/index.php\/wp-json\/wp\/v2\/users\/2"}],"replies":[{"embeddable":true,"href":"https:\/\/maxradio923.com.ar\/index.php\/wp-json\/wp\/v2\/comments?post=15913"}],"version-history":[{"count":0,"href":"https:\/\/maxradio923.com.ar\/index.php\/wp-json\/wp\/v2\/posts\/15913\/revisions"}],"wp:featuredmedia":[{"embeddable":true,"href":"https:\/\/maxradio923.com.ar\/index.php\/wp-json\/wp\/v2\/media\/15914"}],"wp:attachment":[{"href":"https:\/\/maxradio923.com.ar\/index.php\/wp-json\/wp\/v2\/media?parent=15913"}],"wp:term":[{"taxonomy":"category","embeddable":true,"href":"https:\/\/maxradio923.com.ar\/index.php\/wp-json\/wp\/v2\/categories?post=15913"},{"taxonomy":"post_tag","embeddable":true,"href":"https:\/\/maxradio923.com.ar\/index.php\/wp-json\/wp\/v2\/tags?post=15913"}],"curies":[{"name":"wp","href":"https:\/\/api.w.org\/{rel}","templated":true}]}}