{"id":15909,"date":"2024-01-07T02:40:18","date_gmt":"2024-01-07T05:40:18","guid":{"rendered":"https:\/\/maxradio923.com.ar\/index.php\/2024\/01\/07\/la-bendicion-a-las-parejas-homosexuales-aprobada-por-el-papa-desata-otra-crisis-en-la-iglesia-catolica\/"},"modified":"2024-01-07T02:40:18","modified_gmt":"2024-01-07T05:40:18","slug":"la-bendicion-a-las-parejas-homosexuales-aprobada-por-el-papa-desata-otra-crisis-en-la-iglesia-catolica","status":"publish","type":"post","link":"https:\/\/maxradio923.com.ar\/index.php\/2024\/01\/07\/la-bendicion-a-las-parejas-homosexuales-aprobada-por-el-papa-desata-otra-crisis-en-la-iglesia-catolica\/","title":{"rendered":"La bendici\u00f3n a las parejas homosexuales aprobada por el Papa desata otra crisis en la Iglesia cat\u00f3lica"},"content":{"rendered":"<p><img decoding=\"async\" alt=\"El cardenal argentino V\u00edctor Manuel Fern\u00e1ndez, autor del documento sobre la bendici\u00f3n a parejas del mismo sexo. Foto: AFP   \" src=\"https:\/\/www.clarin.com\/img\/2023\/10\/03\/kyVbi0OGC_720x0__1.jpg\"\/>El cardenal argentino V\u00edctor Manuel Fern\u00e1ndez, autor del documento sobre la bendici\u00f3n a parejas del mismo sexo. Foto: AFP   <img decoding=\"async\" alt=\"Fieles cat\u00f3licos siguieron este s\u00e1bado el Angelus del Papa en la Plaza San Pedro, en el Vaticano. Foto: EFE\" src=\"https:\/\/www.clarin.com\/img\/2024\/01\/06\/tE7aCLXOQ_720x0__1.jpg\"\/>Fieles cat\u00f3licos siguieron este s\u00e1bado el Angelus del Papa en la Plaza San Pedro, en el Vaticano. Foto: EFE<img decoding=\"async\" alt=\"Sacerdotes y obispos, en el Vaticano en octubre pasado, para participar del S\u00ednodo de S\u00ednodos. Foto: EFE\" src=\"https:\/\/www.clarin.com\/img\/2023\/10\/05\/sB-0kTQXL_720x0__1.jpg\"\/>Sacerdotes y obispos, en el Vaticano en octubre pasado, para participar del S\u00ednodo de S\u00ednodos. Foto: EFE<\/p>\n","protected":false},"excerpt":{"rendered":"<p>El cardenal argentino V\u00edctor Manuel Fern\u00e1ndez, autor del documento sobre la bendici\u00f3n a parejas del mismo sexo. Foto: AFP Fieles cat\u00f3licos siguieron este s\u00e1bado el Angelus del Papa en la Plaza San Pedro, en el Vaticano. Foto: EFESacerdotes y obispos, en el Vaticano en octubre pasado, para participar del S\u00ednodo de S\u00ednodos. Foto: EFE<\/p>\n","protected":false},"author":2,"featured_media":15910,"comment_status":"","ping_status":"","sticky":false,"template":"","format":"standard","meta":{"footnotes":""},"categories":[3],"tags":[],"_links":{"self":[{"href":"https:\/\/maxradio923.com.ar\/index.php\/wp-json\/wp\/v2\/posts\/15909"}],"collection":[{"href":"https:\/\/maxradio923.com.ar\/index.php\/wp-json\/wp\/v2\/posts"}],"about":[{"href":"https:\/\/maxradio923.com.ar\/index.php\/wp-json\/wp\/v2\/types\/post"}],"author":[{"embeddable":true,"href":"https:\/\/maxradio923.com.ar\/index.php\/wp-json\/wp\/v2\/users\/2"}],"replies":[{"embeddable":true,"href":"https:\/\/maxradio923.com.ar\/index.php\/wp-json\/wp\/v2\/comments?post=15909"}],"version-history":[{"count":0,"href":"https:\/\/maxradio923.com.ar\/index.php\/wp-json\/wp\/v2\/posts\/15909\/revisions"}],"wp:featuredmedia":[{"embeddable":true,"href":"https:\/\/maxradio923.com.ar\/index.php\/wp-json\/wp\/v2\/media\/15910"}],"wp:attachment":[{"href":"https:\/\/maxradio923.com.ar\/index.php\/wp-json\/wp\/v2\/media?parent=15909"}],"wp:term":[{"taxonomy":"category","embeddable":true,"href":"https:\/\/maxradio923.com.ar\/index.php\/wp-json\/wp\/v2\/categories?post=15909"},{"taxonomy":"post_tag","embeddable":true,"href":"https:\/\/maxradio923.com.ar\/index.php\/wp-json\/wp\/v2\/tags?post=15909"}],"curies":[{"name":"wp","href":"https:\/\/api.w.org\/{rel}","templated":true}]}}