{"id":15903,"date":"2024-01-06T10:57:56","date_gmt":"2024-01-06T13:57:56","guid":{"rendered":"https:\/\/maxradio923.com.ar\/index.php\/2024\/01\/06\/ser-intendente-a-los-24-anos-son-estudiantes-ganaron-con-mas-del-40-y-cuentan-como-gobiernan-contra-el-prejuicio-de-la-edad\/"},"modified":"2024-01-06T10:57:56","modified_gmt":"2024-01-06T13:57:56","slug":"ser-intendente-a-los-24-anos-son-estudiantes-ganaron-con-mas-del-40-y-cuentan-como-gobiernan-contra-el-prejuicio-de-la-edad","status":"publish","type":"post","link":"https:\/\/maxradio923.com.ar\/index.php\/2024\/01\/06\/ser-intendente-a-los-24-anos-son-estudiantes-ganaron-con-mas-del-40-y-cuentan-como-gobiernan-contra-el-prejuicio-de-la-edad\/","title":{"rendered":"Ser intendente a los 24 a\u00f1os: son estudiantes, ganaron con m\u00e1s del 40% y cuentan c\u00f3mo gobiernan contra el prejuicio de la edad"},"content":{"rendered":"<p><img decoding=\"async\" alt=\"Santiago Reyneri, de 24 a\u00f1os y afiliado a la UCR, es el intendente de Tancacha, C\u00f3rdoba.\" src=\"https:\/\/www.clarin.com\/img\/2024\/01\/05\/KRDeUPdl__720x0__1.jpg\"\/>Santiago Reyneri, de 24 a\u00f1os y afiliado a la UCR, es el intendente de Tancacha, C\u00f3rdoba.<img decoding=\"async\" alt=\"Luka Emmanuel Jones, de 24 a\u00f1os, intendente de 28 de Julio, en Chubut, junto a sus padres.\" src=\"https:\/\/www.clarin.com\/img\/2024\/01\/05\/fhBVMGkhT_720x0__1.jpg\"\/>Luka Emmanuel Jones, de 24 a\u00f1os, intendente de 28 de Julio, en Chubut, junto a sus padres.<img decoding=\"async\" alt=\"Santiago Reyneri, de 24 a\u00f1os y afiliado a la UCR, es el intendente de Tancacha, C\u00f3rdoba.\" src=\"https:\/\/www.clarin.com\/img\/2024\/01\/05\/kCzgqH4O-_720x0__1.jpg\"\/>Santiago Reyneri, de 24 a\u00f1os y afiliado a la UCR, es el intendente de Tancacha, C\u00f3rdoba.<img decoding=\"async\" alt=\"Con 24 a\u00f1os y afiliado al Partido Justicialista, Luka Emmanuel Jones  es intendente de 28 de Julio, en Chubut.\" src=\"https:\/\/www.clarin.com\/img\/2024\/01\/05\/h0ll-sa_M_720x0__1.jpg\"\/>Con 24 a\u00f1os y afiliado al Partido Justicialista, Luka Emmanuel Jones  es intendente de 28 de Julio, en Chubut.<img decoding=\"async\" alt=\"28 de Julio, en Chubut, tiene un matadero municipal con 36 empleados.\" src=\"https:\/\/www.clarin.com\/img\/2024\/01\/05\/IpySB37cQ_720x0__1.jpg\"\/>28 de Julio, en Chubut, tiene un matadero municipal con 36 empleados.<\/p>\n","protected":false},"excerpt":{"rendered":"<p>Santiago Reyneri, de 24 a\u00f1os y afiliado a la UCR, es el intendente de Tancacha, C\u00f3rdoba.Luka Emmanuel Jones, de 24 a\u00f1os, intendente de 28 de Julio, en Chubut, junto a sus padres.Santiago Reyneri, de 24 a\u00f1os y afiliado a la UCR, es el intendente de Tancacha, C\u00f3rdoba.Con 24 a\u00f1os y afiliado al Partido Justicialista, Luka Emmanuel Jones es intendente de 28 de Julio, en Chubut.28 de Julio, en Chubut, tiene un matadero municipal con 36 empleados.<\/p>\n","protected":false},"author":2,"featured_media":15904,"comment_status":"","ping_status":"","sticky":false,"template":"","format":"standard","meta":{"footnotes":""},"categories":[7],"tags":[],"_links":{"self":[{"href":"https:\/\/maxradio923.com.ar\/index.php\/wp-json\/wp\/v2\/posts\/15903"}],"collection":[{"href":"https:\/\/maxradio923.com.ar\/index.php\/wp-json\/wp\/v2\/posts"}],"about":[{"href":"https:\/\/maxradio923.com.ar\/index.php\/wp-json\/wp\/v2\/types\/post"}],"author":[{"embeddable":true,"href":"https:\/\/maxradio923.com.ar\/index.php\/wp-json\/wp\/v2\/users\/2"}],"replies":[{"embeddable":true,"href":"https:\/\/maxradio923.com.ar\/index.php\/wp-json\/wp\/v2\/comments?post=15903"}],"version-history":[{"count":0,"href":"https:\/\/maxradio923.com.ar\/index.php\/wp-json\/wp\/v2\/posts\/15903\/revisions"}],"wp:featuredmedia":[{"embeddable":true,"href":"https:\/\/maxradio923.com.ar\/index.php\/wp-json\/wp\/v2\/media\/15904"}],"wp:attachment":[{"href":"https:\/\/maxradio923.com.ar\/index.php\/wp-json\/wp\/v2\/media?parent=15903"}],"wp:term":[{"taxonomy":"category","embeddable":true,"href":"https:\/\/maxradio923.com.ar\/index.php\/wp-json\/wp\/v2\/categories?post=15903"},{"taxonomy":"post_tag","embeddable":true,"href":"https:\/\/maxradio923.com.ar\/index.php\/wp-json\/wp\/v2\/tags?post=15903"}],"curies":[{"name":"wp","href":"https:\/\/api.w.org\/{rel}","templated":true}]}}