{"id":15897,"date":"2024-01-06T10:57:46","date_gmt":"2024-01-06T13:57:46","guid":{"rendered":"https:\/\/maxradio923.com.ar\/index.php\/2024\/01\/06\/san-juan-tendra-representantes-en-la-final-del-pre-cosquin-2024\/"},"modified":"2024-01-06T10:57:46","modified_gmt":"2024-01-06T13:57:46","slug":"san-juan-tendra-representantes-en-la-final-del-pre-cosquin-2024","status":"publish","type":"post","link":"https:\/\/maxradio923.com.ar\/index.php\/2024\/01\/06\/san-juan-tendra-representantes-en-la-final-del-pre-cosquin-2024\/","title":{"rendered":"San Juan tendr\u00e1 representantes en la final del Pre Cosqu\u00edn 2024"},"content":{"rendered":"<p><img decoding=\"async\" src=\"https:\/\/diariod3.com\/wp-content\/uploads\/2024\/01\/53442009718_8181aff07c_b.jpg\"\/> Los conjuntos Compa\u00f1\u00eda Riveros Luna y El Ramalazo tuvieron una destacada noche en suelo cordob\u00e9s y fueron seleccionados para la instancia decisiva.       <img decoding=\"async\" src=\"https:\/\/sisanjuan.b-cdn.net\/media\/k2\/items\/cache\/b5447ac4b31a15427f0a57b7dfd9a3e3_L.jpg\" alt=\"Habr\u00e1 representantes sanjuaninos en la final del Pre Cosqu\u00edn 2024\"\/>    <\/p>\n<p>Durante los primeros d\u00edas del a\u00f1o, la delegaci\u00f3n que fue seleccionada arrib\u00f3 a la provincia de C\u00f3rdoba para representar a San Juan en el reconocido festival en su 64\u00ba edici\u00f3n.<\/p>\n<p>La competici\u00f3n cuenta con un formato de dos instancias. La primera ronda, realizada entre el 2 y 3 de enero, y la final, pactada para los d\u00edas 14 y 15 del presente mes, en el escenario Mayor de la plaza Pr\u00f3spero Molina.<\/p>\n<p>Anoche, los jurados, integrados por Franco Luciani, Silvio Lallana y Marcelo Ezequiel del R\u00edo en M\u00fasica y por Vidala Barboza, Rub\u00e9n Su\u00e1res y Miguel \u00c1ngel Diosquez Depuy en danza, dieron a conocer la n\u00f3mina de ganadores de la primera ronda.<\/p>\n<p>Entre ellos, se destaca la presencia de los conjuntos sanjuaninos \u201cCompa\u00f1\u00eda Riveros Luna\u201d en Baile Folcl\u00f3rico y \u201cEl Ramalazo\u201d en Malambo.<\/p>\n<p>Ahora, los representantes de San Juan deber\u00e1n competir en la instancia final del certamen, que se desarrollar\u00e1 entre el domingo 14 y el lunes 15 de enero.<\/p>\n","protected":false},"excerpt":{"rendered":"<p>Los conjuntos Compa\u00f1\u00eda Riveros Luna y El Ramalazo tuvieron una destacada noche en suelo cordob\u00e9s y fueron seleccionados para la instancia decisiva. Durante los primeros d\u00edas del a\u00f1o, la delegaci\u00f3n que fue seleccionada arrib\u00f3 a la provincia de C\u00f3rdoba para representar a San Juan en el reconocido festival en su 64\u00ba edici\u00f3n.<br \/>\n La competici\u00f3n cuenta con un formato de dos instancias. La primera ronda, realizada entre el 2 y 3 de enero, y la final, pactada para los d\u00edas 14 y 15 del presente mes, en el escenario Mayor de la plaza Pr\u00f3spero Molina.<br \/>\n Anoche, los jurados, integrados por Franco Luciani, Silvio Lallana y Marcelo Ezequiel del R\u00edo en M\u00fasica y por Vidala Barboza, Rub\u00e9n Su\u00e1res y Miguel \u00c1ngel Diosquez Depuy en danza, dieron a conocer la n\u00f3mina de ganadores de la primera ronda.<br \/>\n Entre ellos, se destaca la presencia de los conjuntos sanjuaninos \u201cCompa\u00f1\u00eda Riveros Luna\u201d en Baile Folcl\u00f3rico y \u201cEl Ramalazo\u201d en Malambo.<br \/>\n Ahora, los representantes de San Juan deber\u00e1n competir en la instancia fin..<\/p>\n","protected":false},"author":2,"featured_media":15898,"comment_status":"","ping_status":"","sticky":false,"template":"","format":"standard","meta":{"footnotes":""},"categories":[10],"tags":[],"_links":{"self":[{"href":"https:\/\/maxradio923.com.ar\/index.php\/wp-json\/wp\/v2\/posts\/15897"}],"collection":[{"href":"https:\/\/maxradio923.com.ar\/index.php\/wp-json\/wp\/v2\/posts"}],"about":[{"href":"https:\/\/maxradio923.com.ar\/index.php\/wp-json\/wp\/v2\/types\/post"}],"author":[{"embeddable":true,"href":"https:\/\/maxradio923.com.ar\/index.php\/wp-json\/wp\/v2\/users\/2"}],"replies":[{"embeddable":true,"href":"https:\/\/maxradio923.com.ar\/index.php\/wp-json\/wp\/v2\/comments?post=15897"}],"version-history":[{"count":0,"href":"https:\/\/maxradio923.com.ar\/index.php\/wp-json\/wp\/v2\/posts\/15897\/revisions"}],"wp:featuredmedia":[{"embeddable":true,"href":"https:\/\/maxradio923.com.ar\/index.php\/wp-json\/wp\/v2\/media\/15898"}],"wp:attachment":[{"href":"https:\/\/maxradio923.com.ar\/index.php\/wp-json\/wp\/v2\/media?parent=15897"}],"wp:term":[{"taxonomy":"category","embeddable":true,"href":"https:\/\/maxradio923.com.ar\/index.php\/wp-json\/wp\/v2\/categories?post=15897"},{"taxonomy":"post_tag","embeddable":true,"href":"https:\/\/maxradio923.com.ar\/index.php\/wp-json\/wp\/v2\/tags?post=15897"}],"curies":[{"name":"wp","href":"https:\/\/api.w.org\/{rel}","templated":true}]}}