{"id":15881,"date":"2024-01-06T10:55:41","date_gmt":"2024-01-06T13:55:41","guid":{"rendered":"https:\/\/maxradio923.com.ar\/index.php\/2024\/01\/06\/exitosa-primera-semana-del-cine-de-verano-en-caucete\/"},"modified":"2024-01-06T10:55:41","modified_gmt":"2024-01-06T13:55:41","slug":"exitosa-primera-semana-del-cine-de-verano-en-caucete","status":"publish","type":"post","link":"https:\/\/maxradio923.com.ar\/index.php\/2024\/01\/06\/exitosa-primera-semana-del-cine-de-verano-en-caucete\/","title":{"rendered":"Exitosa Primera Semana del Cine de Verano en Caucete"},"content":{"rendered":"<p><img decoding=\"async\" src=\"https:\/\/grupomorenomedios.com.ar\/wp-content\/uploads\/2024\/01\/416863579_682949220686312_2190019926134741910_n.jpg\"\/><\/p>\n<p><img decoding=\"async\" src=\"https:\/\/diariod3.com\/wp-content\/uploads\/2024\/01\/416863579_682949220686312_2190019926134741910_n.jpg\"\/>     <\/p>\n<p>El Sal\u00f3n Cultural Samuel Goransky se llen\u00f3 de entusiasmo con la presencia de grandes y chicos que se acercaron para compartir momentos emocionantes con pel\u00edculas aptas para todo p\u00fablico. Esta iniciativa cultural ha generado un espacio de encuentro y diversi\u00f3n para la comunidad, consolid\u00e1ndose como una propuesta exitosa para el entretenimiento veraniego.<\/p>\n<p>Desde la Municipalidad de Caucete agradecen la participaci\u00f3n activa de la comunidad en esta propuesta y extienden la invitaci\u00f3n a seguir disfrutando de las proyecciones en las pr\u00f3ximas semanas. \u00a1Si fuiste parte de esta experiencia, b\u00fascate en las fotos y contin\u00faa acompa\u00f1\u00e1ndo en este viaje cinematogr\u00e1fico!<\/p>\n<p>             <img decoding=\"async\" src=\"https:\/\/scontent.fcor2-1.fna.fbcdn.net\/v\/t39.30808-6\/417100089_682948574019710_486223387961429018_n.jpg?stp=dst-jpg_p526x395&amp;_nc_cat=108&amp;ccb=1-7&amp;_nc_sid=dd5e9f&amp;_nc_eui2=AeEW-Ep1UJ7wgeLaPgq_shhPgXYBtO3DUDGBdgG07cNQMW1iHKZ8kv517AnxhUmHm3jJmNrmCDDxzjycEIaHhsPO&amp;_nc_ohc=w2ElwLgO3uAAX9-3Ta8&amp;_nc_oc=AQl5MGmOjy848pQv9Q8A5GhV4dUrt3P_9NO0MMTijPKYRNwq0fXbWBCzcFPAzi43X18&amp;_nc_ht=scontent.fcor2-1.fna&amp;oh=00_AfDMrOLbbITkZnLyzBeczTcBnCgKsfFv0SO6MkoeUBrFSQ&amp;oe=659C955F\"\/>         <img decoding=\"async\" src=\"https:\/\/scontent.fcor2-2.fna.fbcdn.net\/v\/t39.30808-6\/416978195_682948937353007_5450096589726238024_n.jpg?stp=dst-jpg_p526x395&amp;_nc_cat=104&amp;ccb=1-7&amp;_nc_sid=dd5e9f&amp;_nc_eui2=AeEGSd25avxuLA9ECpDKe7-Rqvwe8DE_JCOq_B7wMT8kI86QkQdFC_qeDz48ZOJTqwOjLxyo1ve_bqH8fWostLmH&amp;_nc_ohc=8qmfkz6-bQMAX8EdZZN&amp;_nc_ht=scontent.fcor2-2.fna&amp;oh=00_AfAiv_gGpEuMF8K3-4mhJ-qKCeGJUJl7-UJLP2-EOsXLsA&amp;oe=659CDCE0\"\/>         <img decoding=\"async\" src=\"https:\/\/scontent.fcor2-2.fna.fbcdn.net\/v\/t39.30808-6\/415921109_682948990686335_2512725027552772009_n.jpg?stp=dst-jpg_p526x395&amp;_nc_cat=104&amp;ccb=1-7&amp;_nc_sid=dd5e9f&amp;_nc_eui2=AeHDZmMppEmvZByioAFQPoyOc3oLEJafJhZzegsQlp8mFsvDmx4TxBBgBGJW-jqClnaebntbkmm-Vw6RMWP4vJpd&amp;_nc_ohc=NXtVJBMGZBAAX-132RF&amp;_nc_ht=scontent.fcor2-2.fna&amp;oh=00_AfCJvPB0rm2IxiHv1e1Kis8ZitUTZdvsYxwOfeKyhoCnVQ&amp;oe=659C5C4F\"\/>         <img decoding=\"async\" src=\"https:\/\/scontent.fcor2-2.fna.fbcdn.net\/v\/t39.30808-6\/416836560_682949057352995_4497713133645327280_n.jpg?stp=dst-jpg_p526x395&amp;_nc_cat=100&amp;ccb=1-7&amp;_nc_sid=dd5e9f&amp;_nc_eui2=AeHwZzeObHZ91stYew4MKVgm7yNZYqiyG1PvI1liqLIbU3S8EoQJblDboLSNn-sSFfy5a24M7Q5kBDKBf2CMWEl6&amp;_nc_ohc=65D21R6_QwAAX-hySIL&amp;_nc_ht=scontent.fcor2-2.fna&amp;oh=00_AfCWkBS_FcsIzLVw9M3aN4VfU8MxazELzjuDGZFsTbiIQQ&amp;oe=659BCCDD\"\/>         <img decoding=\"async\" src=\"https:\/\/scontent.fcor2-2.fna.fbcdn.net\/v\/t39.30808-6\/416924030_682949104019657_3769144307092187723_n.jpg?stp=dst-jpg_p526x395&amp;_nc_cat=104&amp;ccb=1-7&amp;_nc_sid=dd5e9f&amp;_nc_eui2=AeHzP_ZuU48wO6wBJJ0MM_ZFBKRmYvIE_ZgEpGZi8gT9mFuhRCpoVsjv1mhSav8aJG9xV3W91fsAhDOi0aQkdTmO&amp;_nc_ohc=eSiaP8IEUn4AX-Mnz9Y&amp;_nc_ht=scontent.fcor2-2.fna&amp;oh=00_AfCVSURC2if9TKCQfeBZYZa1HSwZfM5H_0x4TQZrO1ayYQ&amp;oe=659C7E2D\"\/>            <\/p>\n<p>OPERADOR: EUGENIA VILA<\/p>\n<p>La entrada Exitosa Primera Semana del Cine de Verano en Caucete se public\u00f3 primero en DIARIO DIGITAL MORENO MEDIOS.<\/p>\n","protected":false},"excerpt":{"rendered":"<p>El Sal\u00f3n Cultural Samuel Goransky se llen\u00f3 de entusiasmo con la presencia de grandes y chicos que se acercaron para compartir momentos emocionantes con pel\u00edculas aptas para todo p\u00fablico. Esta iniciativa cultural ha generado un espacio de encuentro y diversi\u00f3n para la comunidad, consolid\u00e1ndose como una propuesta exitosa para el entretenimiento veraniego. Desde la Municipalidad [&hellip;]<\/p>\n","protected":false},"author":1,"featured_media":15882,"comment_status":"","ping_status":"","sticky":false,"template":"","format":"standard","meta":{"footnotes":""},"categories":[5],"tags":[],"_links":{"self":[{"href":"https:\/\/maxradio923.com.ar\/index.php\/wp-json\/wp\/v2\/posts\/15881"}],"collection":[{"href":"https:\/\/maxradio923.com.ar\/index.php\/wp-json\/wp\/v2\/posts"}],"about":[{"href":"https:\/\/maxradio923.com.ar\/index.php\/wp-json\/wp\/v2\/types\/post"}],"author":[{"embeddable":true,"href":"https:\/\/maxradio923.com.ar\/index.php\/wp-json\/wp\/v2\/users\/1"}],"replies":[{"embeddable":true,"href":"https:\/\/maxradio923.com.ar\/index.php\/wp-json\/wp\/v2\/comments?post=15881"}],"version-history":[{"count":0,"href":"https:\/\/maxradio923.com.ar\/index.php\/wp-json\/wp\/v2\/posts\/15881\/revisions"}],"wp:featuredmedia":[{"embeddable":true,"href":"https:\/\/maxradio923.com.ar\/index.php\/wp-json\/wp\/v2\/media\/15882"}],"wp:attachment":[{"href":"https:\/\/maxradio923.com.ar\/index.php\/wp-json\/wp\/v2\/media?parent=15881"}],"wp:term":[{"taxonomy":"category","embeddable":true,"href":"https:\/\/maxradio923.com.ar\/index.php\/wp-json\/wp\/v2\/categories?post=15881"},{"taxonomy":"post_tag","embeddable":true,"href":"https:\/\/maxradio923.com.ar\/index.php\/wp-json\/wp\/v2\/tags?post=15881"}],"curies":[{"name":"wp","href":"https:\/\/api.w.org\/{rel}","templated":true}]}}