{"id":15879,"date":"2024-01-06T10:55:07","date_gmt":"2024-01-06T13:55:07","guid":{"rendered":"https:\/\/maxradio923.com.ar\/index.php\/2024\/01\/06\/que-se-sabe-y-que-no-del-crimen-de-tomas-tello-y-las-pruebas-que-mas-complican-a-kopelian\/"},"modified":"2024-01-06T10:55:07","modified_gmt":"2024-01-06T13:55:07","slug":"que-se-sabe-y-que-no-del-crimen-de-tomas-tello-y-las-pruebas-que-mas-complican-a-kopelian","status":"publish","type":"post","link":"https:\/\/maxradio923.com.ar\/index.php\/2024\/01\/06\/que-se-sabe-y-que-no-del-crimen-de-tomas-tello-y-las-pruebas-que-mas-complican-a-kopelian\/","title":{"rendered":"Qu\u00e9 se sabe y qu\u00e9 no del crimen de Tom\u00e1s Tello y las pruebas que m\u00e1s complican a Kopelian"},"content":{"rendered":"<p><img decoding=\"async\" alt=\"El ataque a Tom\u00e1s Tello (18) en la playa de Santa Teresita.\" src=\"https:\/\/www.clarin.com\/img\/2024\/01\/02\/aGFr-lIz2_720x0__1.jpg\"\/>El ataque a Tom\u00e1s Tello (18) en la playa de Santa Teresita.<img decoding=\"async\" alt=\"El abogado de la familia Tello, Miguel \u00c1ngel Pierri se retira de la fiscal\u00eda. Foto: T\u00e9lam\" src=\"https:\/\/www.clarin.com\/img\/2024\/01\/05\/7vX6aScWb_720x0__1.jpg\"\/>El abogado de la familia Tello, Miguel \u00c1ngel Pierri se retira de la fiscal\u00eda. Foto: T\u00e9lam<img decoding=\"async\" alt=\"Dami\u00e1n Kopelian (21), acusado del crimen de Tom\u00e1s Tello (18) en Santa Teresita.\" src=\"https:\/\/www.clarin.com\/img\/2024\/01\/02\/iSce1RAUc_720x0__1.jpg\"\/>Dami\u00e1n Kopelian (21), acusado del crimen de Tom\u00e1s Tello (18) en Santa Teresita.<\/p>\n","protected":false},"excerpt":{"rendered":"<p>El ataque a Tom\u00e1s Tello (18) en la playa de Santa Teresita.El abogado de la familia Tello, Miguel \u00c1ngel Pierri se retira de la fiscal\u00eda. Foto: T\u00e9lamDami\u00e1n Kopelian (21), acusado del crimen de Tom\u00e1s Tello (18) en Santa Teresita.<\/p>\n","protected":false},"author":2,"featured_media":15880,"comment_status":"","ping_status":"","sticky":false,"template":"","format":"standard","meta":{"footnotes":""},"categories":[6],"tags":[],"_links":{"self":[{"href":"https:\/\/maxradio923.com.ar\/index.php\/wp-json\/wp\/v2\/posts\/15879"}],"collection":[{"href":"https:\/\/maxradio923.com.ar\/index.php\/wp-json\/wp\/v2\/posts"}],"about":[{"href":"https:\/\/maxradio923.com.ar\/index.php\/wp-json\/wp\/v2\/types\/post"}],"author":[{"embeddable":true,"href":"https:\/\/maxradio923.com.ar\/index.php\/wp-json\/wp\/v2\/users\/2"}],"replies":[{"embeddable":true,"href":"https:\/\/maxradio923.com.ar\/index.php\/wp-json\/wp\/v2\/comments?post=15879"}],"version-history":[{"count":0,"href":"https:\/\/maxradio923.com.ar\/index.php\/wp-json\/wp\/v2\/posts\/15879\/revisions"}],"wp:featuredmedia":[{"embeddable":true,"href":"https:\/\/maxradio923.com.ar\/index.php\/wp-json\/wp\/v2\/media\/15880"}],"wp:attachment":[{"href":"https:\/\/maxradio923.com.ar\/index.php\/wp-json\/wp\/v2\/media?parent=15879"}],"wp:term":[{"taxonomy":"category","embeddable":true,"href":"https:\/\/maxradio923.com.ar\/index.php\/wp-json\/wp\/v2\/categories?post=15879"},{"taxonomy":"post_tag","embeddable":true,"href":"https:\/\/maxradio923.com.ar\/index.php\/wp-json\/wp\/v2\/tags?post=15879"}],"curies":[{"name":"wp","href":"https:\/\/api.w.org\/{rel}","templated":true}]}}