{"id":15877,"date":"2024-01-06T10:55:06","date_gmt":"2024-01-06T13:55:06","guid":{"rendered":"https:\/\/maxradio923.com.ar\/index.php\/2024\/01\/06\/la-carta-manuscrita-del-senor-fusil-con-la-que-planeo-su-fuga-en-ano-nuevo-y-el-arma-clave-un-alicate\/"},"modified":"2024-01-06T10:55:06","modified_gmt":"2024-01-06T13:55:06","slug":"la-carta-manuscrita-del-senor-fusil-con-la-que-planeo-su-fuga-en-ano-nuevo-y-el-arma-clave-un-alicate","status":"publish","type":"post","link":"https:\/\/maxradio923.com.ar\/index.php\/2024\/01\/06\/la-carta-manuscrita-del-senor-fusil-con-la-que-planeo-su-fuga-en-ano-nuevo-y-el-arma-clave-un-alicate\/","title":{"rendered":"La carta manuscrita del &#8220;Se\u00f1or Fusil&#8221; con la que plane\u00f3 su fuga en A\u00f1o Nuevo y el &#8220;arma&#8221; clave: un alicate"},"content":{"rendered":"<p><img decoding=\"async\" alt=\"La carta manuscrita del &quot;Se\u00f1or Fusil&quot; con la que plane\u00f3 su fuga en A\u00f1o Nuevo de una c\u00e1rcel de Salta.\" src=\"https:\/\/www.clarin.com\/img\/2024\/01\/05\/PlxeN56ee_720x0__1.jpg\"\/>La carta manuscrita del &quot;Se\u00f1or Fusil&quot; con la que plane\u00f3 su fuga en A\u00f1o Nuevo de una c\u00e1rcel de Salta.<img decoding=\"async\" alt=\"La carta manuscrita del &quot;Se\u00f1or Fusil&quot; con la que plane\u00f3 su fuga en A\u00f1o Nuevo de una c\u00e1rcel de Salta.\" src=\"https:\/\/www.clarin.com\/img\/2024\/01\/05\/cyuC9v0EZ_720x0__1.jpg\"\/>La carta manuscrita del &quot;Se\u00f1or Fusil&quot; con la que plane\u00f3 su fuga en A\u00f1o Nuevo de una c\u00e1rcel de Salta.<img decoding=\"async\" alt=\"La ficha de Patricio Ruiz D\u00edaz (45), alias &quot;El Se\u00f1or Fusil&quot;.\" src=\"https:\/\/www.clarin.com\/img\/2024\/01\/05\/6d_ZTbjNk_720x0__1.jpg\"\/>La ficha de Patricio Ruiz D\u00edaz (45), alias &quot;El Se\u00f1or Fusil&quot;.<img decoding=\"async\" alt=\"Se fug\u00f3 de una c\u00e1rcel de Salta el narco Patricio Ruiz D\u00edaz, conocido como &quot;El Se\u00f1or Fusil&quot;.\" src=\"https:\/\/www.clarin.com\/img\/2024\/01\/01\/FCeKDErW5_720x0__1.jpg\"\/>Se fug\u00f3 de una c\u00e1rcel de Salta el narco Patricio Ruiz D\u00edaz, conocido como &quot;El Se\u00f1or Fusil&quot;.<img decoding=\"async\" alt=\"&quot;El Se\u00f1or del Fusil&quot;, detenido como acusado de liderar una banda narco en Ingeniero Maschwitz.\" src=\"https:\/\/www.clarin.com\/img\/2019\/05\/01\/XM3gjxJNx_720x0__1.jpg\"\/>&quot;El Se\u00f1or del Fusil&quot;, detenido como acusado de liderar una banda narco en Ingeniero Maschwitz.<\/p>\n","protected":false},"excerpt":{"rendered":"<p>La carta manuscrita del &#8220;Se\u00f1or Fusil&#8221; con la que plane\u00f3 su fuga en A\u00f1o Nuevo de una c\u00e1rcel de Salta.La carta manuscrita del &#8220;Se\u00f1or Fusil&#8221; con la que plane\u00f3 su fuga en A\u00f1o Nuevo de una c\u00e1rcel de Salta.La ficha de Patricio Ruiz D\u00edaz (45), alias &#8220;El Se\u00f1or Fusil&#8221;.Se fug\u00f3 de una c\u00e1rcel de Salta el narco Patricio Ruiz D\u00edaz, conocido como &#8220;El Se\u00f1or Fusil&#8221;.&#8221;El Se\u00f1or del Fusil&#8221;, detenido como acusado de liderar una banda narco en Ingeniero Maschwitz.<\/p>\n","protected":false},"author":2,"featured_media":15878,"comment_status":"","ping_status":"","sticky":false,"template":"","format":"standard","meta":{"footnotes":""},"categories":[6],"tags":[],"_links":{"self":[{"href":"https:\/\/maxradio923.com.ar\/index.php\/wp-json\/wp\/v2\/posts\/15877"}],"collection":[{"href":"https:\/\/maxradio923.com.ar\/index.php\/wp-json\/wp\/v2\/posts"}],"about":[{"href":"https:\/\/maxradio923.com.ar\/index.php\/wp-json\/wp\/v2\/types\/post"}],"author":[{"embeddable":true,"href":"https:\/\/maxradio923.com.ar\/index.php\/wp-json\/wp\/v2\/users\/2"}],"replies":[{"embeddable":true,"href":"https:\/\/maxradio923.com.ar\/index.php\/wp-json\/wp\/v2\/comments?post=15877"}],"version-history":[{"count":0,"href":"https:\/\/maxradio923.com.ar\/index.php\/wp-json\/wp\/v2\/posts\/15877\/revisions"}],"wp:featuredmedia":[{"embeddable":true,"href":"https:\/\/maxradio923.com.ar\/index.php\/wp-json\/wp\/v2\/media\/15878"}],"wp:attachment":[{"href":"https:\/\/maxradio923.com.ar\/index.php\/wp-json\/wp\/v2\/media?parent=15877"}],"wp:term":[{"taxonomy":"category","embeddable":true,"href":"https:\/\/maxradio923.com.ar\/index.php\/wp-json\/wp\/v2\/categories?post=15877"},{"taxonomy":"post_tag","embeddable":true,"href":"https:\/\/maxradio923.com.ar\/index.php\/wp-json\/wp\/v2\/tags?post=15877"}],"curies":[{"name":"wp","href":"https:\/\/api.w.org\/{rel}","templated":true}]}}