{"id":15859,"date":"2024-01-05T09:29:54","date_gmt":"2024-01-05T12:29:54","guid":{"rendered":"https:\/\/maxradio923.com.ar\/index.php\/2024\/01\/05\/milei-envia-al-senado-los-pliegos-de-sus-primeros-siete-embajadores-politicos\/"},"modified":"2024-01-05T09:29:54","modified_gmt":"2024-01-05T12:29:54","slug":"milei-envia-al-senado-los-pliegos-de-sus-primeros-siete-embajadores-politicos","status":"publish","type":"post","link":"https:\/\/maxradio923.com.ar\/index.php\/2024\/01\/05\/milei-envia-al-senado-los-pliegos-de-sus-primeros-siete-embajadores-politicos\/","title":{"rendered":"Milei env\u00eda al Senado los pliegos de sus primeros siete embajadores pol\u00edticos"},"content":{"rendered":"<p><img decoding=\"async\" alt=\"El ex canciller Jorge Faurie est\u00e1 a cargo del operativo de traspaso de Mando con otros diplom\u00e1ticos de la Canciller\u00eda  Foto tomada de El Litoral\" src=\"https:\/\/www.clarin.com\/img\/2023\/11\/28\/J_xSVrfz__720x0__1.jpg\"\/>El ex canciller Jorge Faurie est\u00e1 a cargo del operativo de traspaso de Mando con otros diplom\u00e1ticos de la Canciller\u00eda  Foto tomada de El Litoral<\/p>\n","protected":false},"excerpt":{"rendered":"<p>El ex canciller Jorge Faurie est\u00e1 a cargo del operativo de traspaso de Mando con otros diplom\u00e1ticos de la Canciller\u00eda Foto tomada de El Litoral<\/p>\n","protected":false},"author":2,"featured_media":15860,"comment_status":"","ping_status":"","sticky":false,"template":"","format":"standard","meta":{"footnotes":""},"categories":[7],"tags":[],"_links":{"self":[{"href":"https:\/\/maxradio923.com.ar\/index.php\/wp-json\/wp\/v2\/posts\/15859"}],"collection":[{"href":"https:\/\/maxradio923.com.ar\/index.php\/wp-json\/wp\/v2\/posts"}],"about":[{"href":"https:\/\/maxradio923.com.ar\/index.php\/wp-json\/wp\/v2\/types\/post"}],"author":[{"embeddable":true,"href":"https:\/\/maxradio923.com.ar\/index.php\/wp-json\/wp\/v2\/users\/2"}],"replies":[{"embeddable":true,"href":"https:\/\/maxradio923.com.ar\/index.php\/wp-json\/wp\/v2\/comments?post=15859"}],"version-history":[{"count":0,"href":"https:\/\/maxradio923.com.ar\/index.php\/wp-json\/wp\/v2\/posts\/15859\/revisions"}],"wp:featuredmedia":[{"embeddable":true,"href":"https:\/\/maxradio923.com.ar\/index.php\/wp-json\/wp\/v2\/media\/15860"}],"wp:attachment":[{"href":"https:\/\/maxradio923.com.ar\/index.php\/wp-json\/wp\/v2\/media?parent=15859"}],"wp:term":[{"taxonomy":"category","embeddable":true,"href":"https:\/\/maxradio923.com.ar\/index.php\/wp-json\/wp\/v2\/categories?post=15859"},{"taxonomy":"post_tag","embeddable":true,"href":"https:\/\/maxradio923.com.ar\/index.php\/wp-json\/wp\/v2\/tags?post=15859"}],"curies":[{"name":"wp","href":"https:\/\/api.w.org\/{rel}","templated":true}]}}