{"id":1517,"date":"2023-09-02T17:34:23","date_gmt":"2023-09-02T15:34:23","guid":{"rendered":"https:\/\/maxradio923.com\/index.php\/2023\/09\/02\/elecciones-2023-este-sabado-comienza-la-campana-presidencial-para-las-generales\/"},"modified":"2023-09-03T16:49:57","modified_gmt":"2023-09-03T14:49:57","slug":"elecciones-2023-este-sabado-comienza-la-campana-presidencial-para-las-generales","status":"publish","type":"post","link":"https:\/\/maxradio923.com.ar\/index.php\/2023\/09\/02\/elecciones-2023-este-sabado-comienza-la-campana-presidencial-para-las-generales\/","title":{"rendered":"Elecciones 2023: este s\u00e1bado comienza la campa\u00f1a presidencial para las generales"},"content":{"rendered":"<p><img decoding=\"async\" src=\"https:\/\/diariod3.com\/inicio\/wp-content\/uploads\/2023\/08\/urna-elecciones-2023.png\"\/><\/p>\n<p>Tras las elecciones Primarias, Abiertas, Simult\u00e1neas y Obligatorias, \u00c1mbito te cuenta la informaci\u00f3n m\u00e1s importante de cara a los comicios generales de octubre.<\/p>\n<p>Despu\u00e9s de la realizaci\u00f3n de las elecciones Primarias, Abiertas, Simult\u00e1neas y Obligatorias (PASO) el pasado 13 de agosto, los argentinos se preparan para elegir presidente en los comicios generales del 22 de octubre. En este contexto, \u00bfcu\u00e1ndo comienza la campa\u00f1a presidencial?<\/p>\n<p>Los resultados de las primarias mostraron una elecci\u00f3n separada en tercios con La Libertad Avanza como fuerza m\u00e1s votada y escoltada por Juntos por el Cambio y Uni\u00f3n por la Patria. Para ser electo presidente en primera vuelta, el candidato m\u00e1s votado debe obtener el 45% de los sufragios o el 40% y una diferencia de 10% con el segundo postulante.<\/p>\n<p>En un hipot\u00e9tico escenario donde no se cumplan las condiciones necesarias para una victoria en primera vuelta, los argentinos asistir\u00e1n una tercera vez en el marco de un balotaje entre los dos candidatos con m\u00e1s votos, que seg\u00fan la ley debe realizarse dentro de los 30 d\u00edas de realizada la elecci\u00f3n general.<\/p>\n<p>Elecciones 2023: cu\u00e1ndo comienza la campa\u00f1a presidencial<\/p>\n<p>El inicio de la campa\u00f1a presidencial para las elecciones generales 2023 est\u00e1 estipulado por la C\u00e1mara Nacional Electoral (CNE) para este s\u00e1bado 2 de septiembre. El 17 de septiembre, en tanto, comenzar\u00e1 la campa\u00f1a audiovisual en los medios de comunicaci\u00f3n.<\/p>\n<p>La C\u00e1mara Nacional Electoral (CNE), el ente que dispone las fechas del proceso electoral, posee competencia en todo el territorio nacional respecto a la organizaci\u00f3n de los procesos electorales. Se trata de un Tribunal con una naturaleza espec\u00edfica y singular, el cual cuenta con facultades reglamentarias, operativas y de fiscalizaci\u00f3n del Registro Nacional de Electores, entre otras funciones.<\/p>\n<p>Elecciones 2023: c\u00f3mo sigue el cronograma electoral<\/p>\n<p>2 de septiembre: comienzo de la campa\u00f1a electoral para las generales.<\/p>\n<p>17 de septiembre: comienzo de la campa\u00f1a en medios de comunicaci\u00f3n.<\/p>\n<p>22 de septiembre: publicaci\u00f3n oficial del padr\u00f3n definitivo.<\/p>\n<p>27 de septiembre: prohibici\u00f3n de actos p\u00fablicos que busquen captar el voto.<\/p>\n<p>1 de octubre: primer debate presidencial obligatorio.<\/p>\n<p>8 de octubre: segundo debate presidencial obligatorio.<\/p>\n<p>20 de octubre: fin de la campa\u00f1a y comienzo de la veda electoral.<\/p>\n<p>22 de octubre: elecciones generales.<\/p>\n<p>12 de noviembre: en caso de una segunda vuelta, se organizar\u00e1 el debate presidencial obligatorio.<\/p>\n<p>19 de noviembre: posible balotaje.<\/p>\n<p>Elecciones 2023: \u00bfcu\u00e1nto se necesita para ganar en primera vuelta?<\/p>\n<p>Para ser electo presidente en primera vuelta, el candidato m\u00e1s votado debe obtener el 45% de los sufragios o el 40% y una diferencia de 10 puntos con el segundo postulante. Caso contrario habr\u00e1 balotaje, que seg\u00fan la ley debe realizarse dentro de los 30 d\u00edas de realizada la elecci\u00f3n general.<\/p>\n<p>En un hipot\u00e9tico escenario de segunda vuelta, la C\u00e1mara Nacional Electoral estipula que los argentinos deber\u00e1n volver a las urnas el domingo 19 de noviembre.<\/p>\n<p>Fuente: \u00c1MBITO<\/p>\n<p>Por: Graciela Herrera<\/p>\n<p>La entrada <a href=\"https:\/\/diariod3.com\/inicio\/elecciones-2023-este-sabado-comienza-la-campana-presidencial-para-las-generales\/\" rel=\"noreferrer noopener\" target=\"_blank\">Elecciones 2023: este s\u00e1bado comienza la campa\u00f1a presidencial para las generales<\/a> se public\u00f3 primero en <a href=\"https:\/\/diariod3.com\/inicio\" rel=\"noreferrer noopener\" target=\"_blank\">DIARIO D3 NOTICIAS<\/a>.<\/p>\n","protected":false},"excerpt":{"rendered":"<p>Tras las elecciones Primarias, Abiertas, Simult\u00e1neas y Obligatorias, \u00c1mbito te cuenta la informaci\u00f3n m\u00e1s importante de cara a los comicios generales de octubre. Despu\u00e9s de la realizaci\u00f3n de las elecciones Primarias, Abiertas, Simult\u00e1neas y Obligatorias (PASO) el pasado 13 de agosto, los argentinos se preparan para elegir presidente en los comicios generales del 22 de [&hellip;]<\/p>\n","protected":false},"author":2,"featured_media":1601,"comment_status":"closed","ping_status":"","sticky":false,"template":"","format":"standard","meta":{"footnotes":""},"categories":[12],"tags":[],"_links":{"self":[{"href":"https:\/\/maxradio923.com.ar\/index.php\/wp-json\/wp\/v2\/posts\/1517"}],"collection":[{"href":"https:\/\/maxradio923.com.ar\/index.php\/wp-json\/wp\/v2\/posts"}],"about":[{"href":"https:\/\/maxradio923.com.ar\/index.php\/wp-json\/wp\/v2\/types\/post"}],"author":[{"embeddable":true,"href":"https:\/\/maxradio923.com.ar\/index.php\/wp-json\/wp\/v2\/users\/2"}],"replies":[{"embeddable":true,"href":"https:\/\/maxradio923.com.ar\/index.php\/wp-json\/wp\/v2\/comments?post=1517"}],"version-history":[{"count":0,"href":"https:\/\/maxradio923.com.ar\/index.php\/wp-json\/wp\/v2\/posts\/1517\/revisions"}],"wp:featuredmedia":[{"embeddable":true,"href":"https:\/\/maxradio923.com.ar\/index.php\/wp-json\/wp\/v2\/media\/1601"}],"wp:attachment":[{"href":"https:\/\/maxradio923.com.ar\/index.php\/wp-json\/wp\/v2\/media?parent=1517"}],"wp:term":[{"taxonomy":"category","embeddable":true,"href":"https:\/\/maxradio923.com.ar\/index.php\/wp-json\/wp\/v2\/categories?post=1517"},{"taxonomy":"post_tag","embeddable":true,"href":"https:\/\/maxradio923.com.ar\/index.php\/wp-json\/wp\/v2\/tags?post=1517"}],"curies":[{"name":"wp","href":"https:\/\/api.w.org\/{rel}","templated":true}]}}