{"id":13934,"date":"2023-11-28T19:34:06","date_gmt":"2023-11-28T22:34:06","guid":{"rendered":"https:\/\/maxradio923.com\/index.php\/2023\/11\/28\/muy-positiva-el-referente-de-agro-de-javier-milei-se-reunio-con-el-consejo-agroindustrial\/"},"modified":"2023-11-28T19:34:06","modified_gmt":"2023-11-28T22:34:06","slug":"muy-positiva-el-referente-de-agro-de-javier-milei-se-reunio-con-el-consejo-agroindustrial","status":"publish","type":"post","link":"https:\/\/maxradio923.com.ar\/index.php\/2023\/11\/28\/muy-positiva-el-referente-de-agro-de-javier-milei-se-reunio-con-el-consejo-agroindustrial\/","title":{"rendered":"&#8220;Muy positiva&#8221;: El referente de agro de Javier Milei se reuni\u00f3 con el Consejo Agroindustrial"},"content":{"rendered":"<p>&quot;Fue una reuni\u00f3n muy positiva&quot;. As\u00ed sintetizaron desde el Consejo Agroindustrial Argentino (CAA) la reuni\u00f3n v\u00eda zoom que mantuvieron hoy con el referente elegido por Javier Milei para conducir la Secretar\u00eda de Bioeconom\u00eda (Ex Agricultura), <strong>Fernando Vilella<\/strong>.<\/p>\n<p>Seg\u00fan contaron, fue una<strong> reuni\u00f3n protocolar<\/strong> entre Vilella y los dirigentes del sector.<\/p>\n<p>&quot;Las l\u00edneas de propuesta de La Libertad Avanza <strong>son coincidentes con lo que pensamos desde la agroindustria<\/strong>&quot; destacaron desde el bloque del sector agropecuario que est\u00e1 conformado por 64 instituciones. Adem\u00e1s, durante el encuentro, que dur\u00f3 aproximadamente una hora y media, se destac\u00f3 la <strong>necesidad de una mayor inserci\u00f3n internacional.<\/strong><\/p>\n<p>Vilella forma parte del equipo agropecuario del mandatario electo y ser\u00eda el futuro secretario de Bioeconom\u00eda, que absorber\u00eda las funciones de la actual Secretar\u00eda de Agricultura, y  continuar\u00eda bajo la \u00f3rbita del Ministerio de Econom\u00eda. <\/p>\n<p>M\u00e1s all\u00e1 que comenz\u00f3 la transici\u00f3n -junto a Pedro Vigneau y Germ\u00e1n Paats- la semana pasada con el actual secretario Juan Jos\u00e9 Bahillo, <strong>Vilella no confirm\u00f3 todav\u00eda de forma oficial si ser\u00e1 parte del Gabinete del presidente electo<\/strong>. <\/p>\n<p>&quot;Tenemos un equipo confirmado, tenemos las ideas, tenemos las ganas de llevarlo adelante, pero <strong>hay cuestiones que resolver con qui\u00e9n sea el ministro de Econom\u00eda y eventualmente arribar a un acuerdo de trabajo conjunto<\/strong>&quot;, se\u00f1al\u00f3 el fin de semana en radio Argentina.<\/p>\n<p>All\u00ed subray\u00f3 la importancia del sector agroindustrial &quot;que genera la mayor cantidad de divisas&quot;. &quot;Si se dan los instrumentos macroecon\u00f3micos y microecon\u00f3micos, <strong>estamos pensando en duplicar en cinco a\u00f1os <\/strong>las actuales exportaciones agroindustriales con otra matriz con m\u00e1s valor agregado en cada uno de los insumos y con un valor m\u00e1s alto de la tonelada exportada&quot;, indic\u00f3 respecto del plan que le present\u00f3 a Milei.<\/p>\n<p>Por otro lado, indic\u00f3 que se eliminar\u00e1n &quot;lo antes posible&quot; una &quot;enorme cantidad de regulaciones&quot; como &quot;prohibiciones de exportaciones&quot; y &quot;fideicomisos&quot;, haciendo referencia a los que rigen para el aceite y el trigo.<\/p>\n","protected":false},"excerpt":{"rendered":"<p>&#8220;Fue una reuni\u00f3n muy positiva&#8221;. As\u00ed sintetizaron desde el Consejo Agroindustrial Argentino (CAA) la reuni\u00f3n v\u00eda zoom que mantuvieron hoy con el referente elegido por Javier Milei para conducir la Secretar\u00eda de Bioeconom\u00eda (Ex Agricultura), Fernando Vilella.<br \/>\nSeg\u00fan contaron, fue una reuni\u00f3n protocolar entre Vilella y los dirigentes del sector.<br \/>\n&#8220;Las l\u00edneas de propuesta de La Libertad Avanza son coincidentes con lo que pensamos desde la agroindustria&#8221; destacaron desde el bloque del sector agropecuario que est\u00e1 conformado por 64 instituciones. Adem\u00e1s, durante el encuentro, que dur\u00f3 aproximadamente una hora y media, se destac\u00f3 la necesidad de una mayor inserci\u00f3n internacional.<br \/>\nVilella forma parte del equipo agropecuario del mandatario electo y ser\u00eda el futuro secretario de Bioeconom\u00eda, que absorber\u00eda las funciones de la actual Secretar\u00eda de Agricultura, y continuar\u00eda bajo la \u00f3rbita del Ministerio de Econom\u00eda.<br \/>\nM\u00e1s all\u00e1 que comenz\u00f3 la transici\u00f3n -junto a Pedro Vigneau y Germ\u00e1n Paats- la seman..<\/p>\n","protected":false},"author":2,"featured_media":13935,"comment_status":"","ping_status":"","sticky":false,"template":"","format":"standard","meta":{"footnotes":""},"categories":[2],"tags":[],"_links":{"self":[{"href":"https:\/\/maxradio923.com.ar\/index.php\/wp-json\/wp\/v2\/posts\/13934"}],"collection":[{"href":"https:\/\/maxradio923.com.ar\/index.php\/wp-json\/wp\/v2\/posts"}],"about":[{"href":"https:\/\/maxradio923.com.ar\/index.php\/wp-json\/wp\/v2\/types\/post"}],"author":[{"embeddable":true,"href":"https:\/\/maxradio923.com.ar\/index.php\/wp-json\/wp\/v2\/users\/2"}],"replies":[{"embeddable":true,"href":"https:\/\/maxradio923.com.ar\/index.php\/wp-json\/wp\/v2\/comments?post=13934"}],"version-history":[{"count":0,"href":"https:\/\/maxradio923.com.ar\/index.php\/wp-json\/wp\/v2\/posts\/13934\/revisions"}],"wp:featuredmedia":[{"embeddable":true,"href":"https:\/\/maxradio923.com.ar\/index.php\/wp-json\/wp\/v2\/media\/13935"}],"wp:attachment":[{"href":"https:\/\/maxradio923.com.ar\/index.php\/wp-json\/wp\/v2\/media?parent=13934"}],"wp:term":[{"taxonomy":"category","embeddable":true,"href":"https:\/\/maxradio923.com.ar\/index.php\/wp-json\/wp\/v2\/categories?post=13934"},{"taxonomy":"post_tag","embeddable":true,"href":"https:\/\/maxradio923.com.ar\/index.php\/wp-json\/wp\/v2\/tags?post=13934"}],"curies":[{"name":"wp","href":"https:\/\/api.w.org\/{rel}","templated":true}]}}