{"id":13932,"date":"2023-11-28T19:34:05","date_gmt":"2023-11-28T22:34:05","guid":{"rendered":"https:\/\/maxradio923.com\/index.php\/2023\/11\/28\/estamos-hartos-el-fuerte-reclamo-de-profesionales-de-la-salud-en-el-dia-del-medico\/"},"modified":"2023-11-28T19:34:05","modified_gmt":"2023-11-28T22:34:05","slug":"estamos-hartos-el-fuerte-reclamo-de-profesionales-de-la-salud-en-el-dia-del-medico","status":"publish","type":"post","link":"https:\/\/maxradio923.com.ar\/index.php\/2023\/11\/28\/estamos-hartos-el-fuerte-reclamo-de-profesionales-de-la-salud-en-el-dia-del-medico\/","title":{"rendered":"&#8220;Estamos hartos&#8221;: el fuerte reclamo de profesionales de la salud en el D\u00eda del M\u00e9dico"},"content":{"rendered":"<p>\u201cEl clima <strong>no da para festejos<\/strong>. Lo que deber\u00eda ser una fecha de reconocimiento y felicidad para todos los profesionales de la salud que d\u00eda a d\u00eda demuestran su compromiso e incondicionalidad con el pueblo argentino, termina siendo una triste postal m\u00e1s de la decadencia argentina: un escenario de abandono, desamparo, maltrato y <strong>desatenci\u00f3n permanente por parte del Estado<\/strong> hacia todos nosotros\u201d.<\/p>\n<p>As\u00ed comienza una carta p\u00fablica que el Consejo Argentino de Oftalmolog\u00eda difundi\u00f3 en v\u00edsperas del <strong>D\u00eda del M\u00e9dico<\/strong>, que se celebra el <strong>pr\u00f3ximo domingo 3 de diciembre<\/strong>. El texto se conoce mientras se espera el nombramiento de un secretario de Salud en el nuevo Gobierno de Javier Milei, luego de que el referente Eduardo Filgueira Lima se bajara este lunes.<\/p>\n<p>Tambi\u00e9n tiene lugar cuando apenas ha transcurrido <strong>cinco meses desde el fin de la pandemia<\/strong> de Covid, periodo en que los m\u00e9dicos se han llevado la peor parte al tener que hacerle frente al virus en las guardias y las internaciones. Y muchos de ellos han muerto.<\/p>\n<p>\u201cLa decadencia ha llegado para todos, incluso para nosotros, los m\u00e9dicos\u201d, sigue la carta. Menciona <strong>la falta de insumos y la paga deteriorada<\/strong>, entre otros d\u00e9ficits, y agrega: \u201cEstamos hartos de que nos destraten e ignoren. Pese a eso y mucho m\u00e1s, seguimos aguantando, luchando minuto a minuto contra la desidia, con cada vez menos recursos tangibles para poder darle soluciones al pueblo argentino que tanto cuidamos y amamos\u201d.<\/p>\n<p>Luego dicen: \u201cNo podemos trabajar por un pu\u00f1ado de caramelos, ni por una o dos empanadas que cobraremos en 90 o 120 d\u00edas, que le servir\u00e1n a los mismos avivados de siempre para jugar a la timba financiera, al plazo fijo y al d\u00f3lar\u201d. Y tambi\u00e9n advierten: \u201cNuestro trabajo se ha bastardeado. Va quebrando, muriendo minuto a minuto, d\u00eda a d\u00eda (&#8230;) Estamos ante <strong>una crisis terminal de la medicina argentina <\/strong>que supo de \u00e9pocas de esplendor, pero hoy mendigamos centavos\u201d.<\/p>\n<p>Informan que \u201cen los \u00faltimos doce a\u00f1os el arancel de los profesionales <strong>ha aumentado el 3.859%<\/strong>, y el convenio colectivo de trabajo ha llegado a<strong>l 5.700%<\/strong>. \u00bfC\u00f3mo podemos pagar el aumento bien merecido que tienen nuestros empleados si no nos pagan lo que cuestan nuestros servicios? Los m\u00e9dicos son los financiadores del sistema de salud, no los que hacen publicidad en los partidos de f\u00fatbol, rugby o polo\u201d.<\/p>\n<p>\u201cLo curioso del tema es que las autoridades reconocen que el Programa M\u00e9dico Obligatorio subi\u00f3 un<strong> 7.900%<\/strong>, pero al m\u00e9dico solo le pagaron la mitad de ese aumento. El INDEC tambi\u00e9n reconoce que el costo de salud en la Argentina en los \u00faltimos doce a\u00f1os subi\u00f3 un <strong>10.500%<\/strong>, pero a los m\u00e9dicos solo les aument\u00f3 la tercera parte\u201d, agregan.<\/p>\n<p>Y finalizan: \u201cEntiendan de una vez que este d\u00e9ficit asistencial llevar\u00e1 a la<strong> p\u00e9rdida de una calidad de atenci\u00f3n<\/strong> que hab\u00eda puesto a la medicina argentina en una situaci\u00f3n de privilegio y reconocimiento mundial, lograda por el esfuerzo de los mismos profesionales que hoy se confiesan hartos, cansados, bastardeados y rezagados dentro de una sociedad desalentada\u201d.<\/p>\n<p><em>PS<\/em><\/p>\n","protected":false},"excerpt":{"rendered":"<p>\u201cEl clima no da para festejos. Lo que deber\u00eda ser una fecha de reconocimiento y felicidad para todos los profesionales de la salud que d\u00eda a d\u00eda demuestran su compromiso e incondicionalidad con el pueblo argentino, termina siendo una triste postal m\u00e1s de la decadencia argentina: un escenario de abandono, desamparo, maltrato y desatenci\u00f3n permanente por parte del Estado hacia todos nosotros\u201d.<br \/>\nAs\u00ed comienza una carta p\u00fablica que el Consejo Argentino de Oftalmolog\u00eda difundi\u00f3 en v\u00edsperas del D\u00eda del M\u00e9dico, que se celebra el pr\u00f3ximo domingo 3 de diciembre. El texto se conoce mientras se espera el nombramiento de un secretario de Salud en el nuevo Gobierno de Javier Milei, luego de que el referente Eduardo Filgueira Lima se bajara este lunes.<br \/>\nTambi\u00e9n tiene lugar cuando apenas ha transcurrido cinco meses desde el fin de la pandemia de Covid, periodo en que los m\u00e9dicos se han llevado la peor parte al tener que hacerle frente al virus en las guardias y las internaciones. Y muchos de ellos han m..<\/p>\n","protected":false},"author":2,"featured_media":13933,"comment_status":"","ping_status":"","sticky":false,"template":"","format":"standard","meta":{"footnotes":""},"categories":[9],"tags":[],"_links":{"self":[{"href":"https:\/\/maxradio923.com.ar\/index.php\/wp-json\/wp\/v2\/posts\/13932"}],"collection":[{"href":"https:\/\/maxradio923.com.ar\/index.php\/wp-json\/wp\/v2\/posts"}],"about":[{"href":"https:\/\/maxradio923.com.ar\/index.php\/wp-json\/wp\/v2\/types\/post"}],"author":[{"embeddable":true,"href":"https:\/\/maxradio923.com.ar\/index.php\/wp-json\/wp\/v2\/users\/2"}],"replies":[{"embeddable":true,"href":"https:\/\/maxradio923.com.ar\/index.php\/wp-json\/wp\/v2\/comments?post=13932"}],"version-history":[{"count":0,"href":"https:\/\/maxradio923.com.ar\/index.php\/wp-json\/wp\/v2\/posts\/13932\/revisions"}],"wp:featuredmedia":[{"embeddable":true,"href":"https:\/\/maxradio923.com.ar\/index.php\/wp-json\/wp\/v2\/media\/13933"}],"wp:attachment":[{"href":"https:\/\/maxradio923.com.ar\/index.php\/wp-json\/wp\/v2\/media?parent=13932"}],"wp:term":[{"taxonomy":"category","embeddable":true,"href":"https:\/\/maxradio923.com.ar\/index.php\/wp-json\/wp\/v2\/categories?post=13932"},{"taxonomy":"post_tag","embeddable":true,"href":"https:\/\/maxradio923.com.ar\/index.php\/wp-json\/wp\/v2\/tags?post=13932"}],"curies":[{"name":"wp","href":"https:\/\/api.w.org\/{rel}","templated":true}]}}