{"id":13930,"date":"2023-11-28T19:34:04","date_gmt":"2023-11-28T22:34:04","guid":{"rendered":"https:\/\/maxradio923.com\/index.php\/2023\/11\/28\/trabaja-en-una-escuela-tecnica-y-junto-a-sus-alumnos-elaboran-carteleria-en-braille-para-senalizar-espacios-bajo-una-mirada-inclusiva\/"},"modified":"2023-11-28T19:34:04","modified_gmt":"2023-11-28T22:34:04","slug":"trabaja-en-una-escuela-tecnica-y-junto-a-sus-alumnos-elaboran-carteleria-en-braille-para-senalizar-espacios-bajo-una-mirada-inclusiva","status":"publish","type":"post","link":"https:\/\/maxradio923.com.ar\/index.php\/2023\/11\/28\/trabaja-en-una-escuela-tecnica-y-junto-a-sus-alumnos-elaboran-carteleria-en-braille-para-senalizar-espacios-bajo-una-mirada-inclusiva\/","title":{"rendered":"Trabaja en una escuela t\u00e9cnica y junto a sus alumnos, elaboran carteler\u00eda en braille, para se\u00f1alizar espacios bajo una mirada inclusiva"},"content":{"rendered":"<p><strong>Jos\u00e9 Caro<\/strong> es uno de los seis finalistas del premio Docentes que Inspiran y es de Villa Regina, R\u00edo Negro. Sus proyectos se destacan por emplear la tecnolog\u00eda con fines inclusivos y medioambientales.<\/p>\n<p>En las calles de Villa Regina, en el Alto Valle de R\u00edo Negro se observa la presencia de chapas met\u00e1licas colocadas en los edificios p\u00fablicos, monumentos y postes. Al acercarse, se puede comprobar que <strong>est\u00e1n grabados en sistema braille<\/strong>.<\/p>\n<p>La historia detr\u00e1s de estos carteles naci\u00f3 en los talleres de la escuela t\u00e9cnica CET N\u00b018. Jos\u00e9 Caro les propuso a sus colegas llevar a cabo un proyecto interdisciplinario de aprendizaje con fines solidarios y que redujera los niveles de deserci\u00f3n escolar de los alumnos. <\/p>\n<p>\u201cLa idea surgi\u00f3, cuando comprendimos que deb\u00edamos hacer algo que motivara a los estudiantes para que continuaran con sus estudios. Por eso, nos pareci\u00f3 que si ellos sent\u00edan que lo que hac\u00edan era \u00fatil para la comunidad, podr\u00edamos aumentar su compromiso&quot;, cuenta Jos\u00e9.<\/p>\n<p>Fue as\u00ed como naci\u00f3 el proyecto<strong> PAS Braille<\/strong>, con el que los alumnos elaboran carteles en braille que instalan en los espacios p\u00fablicos de la ciudad. Para hacer los carteles, reutilizan residuos provenientes de otras actividades de los talleres de la escuela.<\/p>\n<p>Desde su implementaci\u00f3n, el proyecto no solo logr\u00f3 aumentar la retenci\u00f3n escolar, sino que se transform\u00f3 en un factor de atracci\u00f3n para nuevos estudiantes de Villa Regina, al punto que, la matr\u00edcula de la escuela no alcanza para cubrir la totalidad de alumnos que se anotan para ingresar.<\/p>\n<p>Adem\u00e1s de esta iniciativa, el docente lleva adelante <strong>otros cinco proyectos multidisciplinarios<\/strong> con impacto social y medioambiental, algunos pudieron ser replicados en otras escuelas de la provincia y obtuvieron diferentes reconocimientos a nivel nacional e internacional.<\/p>\n<p>\u201cVivo la docencia como un acto de vocaci\u00f3n y compromiso con el estudiante, la sociedad y el futuro. Busco transmitirles confianza a mis alumnos para que pongan en valor sus conocimientos. La idea es que, con estos proyectos, <strong>se vuelvan protagonistas de su propio aprendizaje<\/strong>\u201d, precisa Jos\u00e9 sobre su enfoque docente.<\/p>\n<p>A lo largo de sus 18 a\u00f1os de experiencia, sus proyectos mejoraron en la calidad educativa de la escuela y contribuyeron a que muchos alumnos descubrieran su verdadera vocaci\u00f3n, inspir\u00e1ndolos a seguir carreras universitarias vinculadas a la ciencia y la tecnolog\u00eda.<\/p>\n<p>Tal es el caso de Emiliano Salas, qui\u00e9n actualmente estudia una tecnicatura universitaria en Mantenimiento Industrial. Seg\u00fan destaca, \u201cJos\u00e9 no solo me influenci\u00f3 por todo lo que me ense\u00f1\u00f3 en su materia, sino que tambi\u00e9n a trav\u00e9s de sus proyectos solidarios pude crecer mucho como persona. <strong>\u00c9l siempre me incentiv\u00f3 a seguir adelante con mis estudios<\/strong>\u201d.<\/p>\n<p>Jos\u00e9 Caro es un docente excepcional, que se destaca por inspirar a sus alumnos y toda su escuela. Su historia es un ejemplo de c\u00f3mo el compromiso docente puede producir un impacto positivo en una comunidad y mejorar la calidad de vida de las personas con discapacidad.<\/p>\n<h2>Premio Docentes Que Inspiran<\/h2>\n<p>Para conocer las historias de los seis finalistas del Premio Docentes que Inspiran, ingres\u00e1 en www.docentesqueinspiran.com.ar o por las redes sociales del concurso. En Facebook \u201cDocentes que Inspiran\u201d y en Instagram @docentesqueinspiran.<\/p>\n<p>Docentes que Inspiran, un premio impulsado por<strong> Clar\u00edn<\/strong> y <strong>Zurich Argentina<\/strong>, es un homenaje a los docentes m\u00e1s inspiradores de nuestro pa\u00eds.<\/p>\n<p>Este reconocimiento busca movilizar a toda la comunidad a favor de una mejor educaci\u00f3n, al visibilizar las historias inspiradoras de aquellos docentes excepcionales que dejan una huella decisiva en sus estudiantes.<\/p>\n<p><em>PS<\/em><\/p>\n","protected":false},"excerpt":{"rendered":"<p>Jos\u00e9 Caro es uno de los seis finalistas del premio Docentes que Inspiran y es de Villa Regina, R\u00edo Negro. Sus proyectos se destacan por emplear la tecnolog\u00eda con fines inclusivos y medioambientales.<br \/>\nEn las calles de Villa Regina, en el Alto Valle de R\u00edo Negro se observa la presencia de chapas met\u00e1licas colocadas en los edificios p\u00fablicos, monumentos y postes. Al acercarse, se puede comprobar que est\u00e1n grabados en sistema braille.<br \/>\nLa historia detr\u00e1s de estos carteles naci\u00f3 en los talleres de la escuela t\u00e9cnica CET N\u00b018. Jos\u00e9 Caro les propuso a sus colegas llevar a cabo un proyecto interdisciplinario de aprendizaje con fines solidarios y que redujera los niveles de deserci\u00f3n escolar de los alumnos.<br \/>\n\u201cLa idea surgi\u00f3, cuando comprendimos que deb\u00edamos hacer algo que motivara a los estudiantes para que continuaran con sus estudios. Por eso, nos pareci\u00f3 que si ellos sent\u00edan que lo que hac\u00edan era \u00fatil para la comunidad, podr\u00edamos aumentar su compromiso&#8221;, cuenta Jos\u00e9.<br \/>\nFue as\u00ed como naci\u00f3 el proy..<\/p>\n","protected":false},"author":2,"featured_media":13931,"comment_status":"","ping_status":"","sticky":false,"template":"","format":"standard","meta":{"footnotes":""},"categories":[9],"tags":[],"_links":{"self":[{"href":"https:\/\/maxradio923.com.ar\/index.php\/wp-json\/wp\/v2\/posts\/13930"}],"collection":[{"href":"https:\/\/maxradio923.com.ar\/index.php\/wp-json\/wp\/v2\/posts"}],"about":[{"href":"https:\/\/maxradio923.com.ar\/index.php\/wp-json\/wp\/v2\/types\/post"}],"author":[{"embeddable":true,"href":"https:\/\/maxradio923.com.ar\/index.php\/wp-json\/wp\/v2\/users\/2"}],"replies":[{"embeddable":true,"href":"https:\/\/maxradio923.com.ar\/index.php\/wp-json\/wp\/v2\/comments?post=13930"}],"version-history":[{"count":0,"href":"https:\/\/maxradio923.com.ar\/index.php\/wp-json\/wp\/v2\/posts\/13930\/revisions"}],"wp:featuredmedia":[{"embeddable":true,"href":"https:\/\/maxradio923.com.ar\/index.php\/wp-json\/wp\/v2\/media\/13931"}],"wp:attachment":[{"href":"https:\/\/maxradio923.com.ar\/index.php\/wp-json\/wp\/v2\/media?parent=13930"}],"wp:term":[{"taxonomy":"category","embeddable":true,"href":"https:\/\/maxradio923.com.ar\/index.php\/wp-json\/wp\/v2\/categories?post=13930"},{"taxonomy":"post_tag","embeddable":true,"href":"https:\/\/maxradio923.com.ar\/index.php\/wp-json\/wp\/v2\/tags?post=13930"}],"curies":[{"name":"wp","href":"https:\/\/api.w.org\/{rel}","templated":true}]}}