{"id":13928,"date":"2023-11-28T18:53:56","date_gmt":"2023-11-28T21:53:56","guid":{"rendered":"https:\/\/maxradio923.com\/index.php\/2023\/11\/28\/asuncion-de-milei-un-macrista-a-cargo-invitados-bochados-y-un-pacto-por-la-entrega-del-baston\/"},"modified":"2023-11-28T18:53:56","modified_gmt":"2023-11-28T21:53:56","slug":"asuncion-de-milei-un-macrista-a-cargo-invitados-bochados-y-un-pacto-por-la-entrega-del-baston","status":"publish","type":"post","link":"https:\/\/maxradio923.com.ar\/index.php\/2023\/11\/28\/asuncion-de-milei-un-macrista-a-cargo-invitados-bochados-y-un-pacto-por-la-entrega-del-baston\/","title":{"rendered":"Asunci\u00f3n de Milei: un macrista a cargo, invitados bochados y un pacto por la entrega del bast\u00f3n"},"content":{"rendered":"<p>El ex canciller de Mauricio Macri Jorge Faurie qued\u00f3 a cargo del <strong>operativo de traspaso de mando presidencial a Javier Milei.<\/strong> Fue quien lo tuvo en aquel convulsionado pase de mando de 2015, cuando Cristina Kirchner se neg\u00f3 a todo contacto con el l\u00edder del PRO que le hab\u00eda ganado las elecciones al kirchnerismo. La entonces presidenta no le quiso entregar ni la banda ni el bast\u00f3n y tampoco facilitaba el acceso de los equipos de Cambiemos a la Casa Rosada y la Canciller\u00eda.<\/p>\n<p>Seg\u00fan supo <strong>Clar\u00edn, <\/strong>la nueva transici\u00f3n parece <strong>menos atormentada<\/strong> de lo que fue en 2015 con Macri o en 2019 por los caprichos de la f\u00f3rmula que impuso Cristina cuando junto a Alberto Fernandez gan\u00f3 las elecciones.<\/p>\n<p>En esta oportunidad, la canciller designada Diana Mondino y el saliente ministro Santiago Cafiero ya enviaron todas las invitaciones a los jefes de Estado y de Gobierno para que asistir\u00e1n a la asunci\u00f3n de Milei<strong> con cuatro excepciones por decisi\u00f3n del gobierno electo.<\/strong> Una involucra al presidente de Ir\u00e1n, Ebrahim Raisi, y<strong> las otras tres a Nicol\u00e1s Maduro, Miguel D\u00edaz Canel y Daniel Ortega.<\/strong><\/p>\n<p><strong>Clar\u00edn <\/strong>supo que a\u00fan hay visiones diferentes sobre si invitar o no a los presidentes de los reg\u00edmenes venezolano, cubano y nicarag\u00fcense. En las pr\u00f3ximas horas habr\u00e1 definiciones, aunque las invitaciones dirigidas a ellos no se remitieron. En el caso de Ir\u00e1n se pens\u00f3 en invitar al encargado de negocios de la embajada en Buenos Aires, Amir Houshang Karimi, y finalmente se desisti\u00f3.<\/p>\n<p>En cambio, Milei y Mondino extendieron la mano hacia Lula da Silva de Brasil y Xi Jinping, de China, los principales socios comerciales de la Argentina, con los que el libertario mantuvo fuerte tensi\u00f3n durante la campa\u00f1a. Pero <strong>a ambos los invit\u00f3 \u00e9l especialmente por carta<\/strong>.<\/p>\n<p>Son unas<strong> 200 invitaciones en total.<\/strong> Prometieron presencia Luis Lacalle Pou, Santiago Pe\u00f1a y Gabriel Boric. <strong>A\u00fan no confirman figuras centrales para Iberoam\u00e9rica como el Rey Felipe VI,<\/strong> siempre presente en las asunciones de presidentes.<\/p>\n<p>Seg\u00fan transmiti\u00f3 Karina Milei al equipo de trabajo,<strong> su hermano quiere que los atributos presidenciales se los entregue Alberto Fern\u00e1ndez en el Congreso,<\/strong> empezando por el bast\u00f3n.<\/p>\n<p>Hist\u00f3ricamente ello tuvo lugar en Casa Rosada, con la Asamblea Legislativa presente. Cambi\u00f3 con N\u00e9stor Kirchner. Y como se vio, en 2015, Cristina ya empez\u00f3 con sus manejos. El presidente Macri recibi\u00f3 los atributos de mando, la banda y el bast\u00f3n presidencial, de manos del titular provisional del Senado, Federico Pinedo. Fern\u00e1ndez rechaz\u00f3 la propuesta de Macri de que volvieran a la Casa Rosada. <\/p>\n<p>Este 10 de diciembre,<strong> el ya presidente Milei, deber\u00e1 ir a Casa de Gobierno a tomar jura de sus ocho ministros, y a saludar a las delegaciones extranjeras.<\/strong> Tiene que asistir a la misa en la Catedral. Y habr\u00e1 un show en el Col\u00f3n, que a\u00fan est\u00e1 sin definiciones. Tambi\u00e9n est\u00e1n preparando una cena para las delegaciones extranjeras.<strong> Argentina se encuentra en una grave crisis de presupuesto.<\/strong><\/p>\n<h2>Hay equipo para la asunci\u00f3n<\/h2>\n<p>Mondino eligi\u00f3 al santafesino Faurie por consejo de Fulvio Pompeo, ex secretario de Asuntos Estrat\u00e9gicos de la presidencia de Macri, y quien en su momento lo hizo canciller. Pero Pompeo es ahora secretario general y de relaciones internacionales del electo jefe de gobierno de la Ciudad, Jorge Macri.<\/p>\n<p>Con Faurie, que fue embajador en Francia, y en Portugal, y est\u00e1 jubilado, tambi\u00e9n <strong>fue especialmente convocado para el traspaso de mando<\/strong> el ex embajador en Singapur Federico Bartffeld, mentado como futuro jefe de Gabinete de Mondino.<\/p>\n<p>Tambi\u00e9n est\u00e1n trabajando en los preparativos para la asunci\u00f3n quien fue jefe de Ceremoniales de la Casa Rosada, el experimentado <strong>Dar\u00edo Lucas<\/strong>, desplazado de su puesto y con malos modos por el kirchnerismo; el ex c\u00f3nsul en Miami, <strong>Leandro Fern\u00e1ndez Suarez<\/strong>, que se gan\u00f3 respeto por el manejo de la crisis de los varados en Estados Unidos durante los cierres de aeropuertos por el miedo al COVID, y el ex embajador en Qatar Marcelo <strong>Gilardoni<\/strong>. Adem\u00e1s se sum\u00f3 el acad\u00e9mico <strong>Juan Battaleme<\/strong>, desde la primera hora con Mondino.<\/p>\n<p>Parte de este grupo trata directamente con la jefa de Gabinete de Cafiero, Luciana Tito. Y Faurie y Lucas van y vienen a la Casa Rosada y mantienen <strong>reuniones con Karina Milei y el saliente secretario de la Presidencia, Julio Vitobello<\/strong>.<\/p>\n<h2>Los planes de Mondino<\/h2>\n<p>En paralelo a su viaje a Brasilia, Mondino entr\u00f3 en horas de definiciones internas, aunque no las quiere confirmar hasta el 10 de diciembre. Por ejemplo, adem\u00e1s de Bartffeld como jefe Gabinete quiere que el tambi\u00e9n <strong>diplom\u00e1tico de carrera Leopoldo Sahores sea su vicecanciller<\/strong>.<\/p>\n<p>A\u00fan <strong>embajador en Pakist\u00e1n<\/strong>, pero a estas horas en viaje urgente a Buenos Aires, Sahores fue Subsecretario de Asuntos de Am\u00e9rica Latina, durante el mandato de Faurie. <\/p>\n<p>Tambi\u00e9n se supo que <strong>la embajadora Marcia Levaggi ser\u00e1 la secretaria de Pol\u00edtica Exterior <\/strong>y que Mariano Vergara, hasta ahora embajador en Armenia estar\u00e1 a cargo de los Asuntos Latinoamericanos, que hoy ocupa el dirigente peronista Gabriel Fuks. <\/p>\n<p>Entre tanto, el embajador <strong>Marcelo Cima se har\u00eda cargo de la Secretar\u00eda de Relaciones Econ\u00f3micas Internacionales<\/strong>. Y Ernesto Gaspari, de las filas de JxC, volver\u00eda a manejar Secretar\u00eda de Coordinaci\u00f3n Administrativa.<\/p>\n","protected":false},"excerpt":{"rendered":"<p>El ex canciller de Mauricio Macri Jorge Faurie qued\u00f3 a cargo del operativo de traspaso de mando presidencial a Javier Milei. Fue quien lo tuvo en aquel convulsionado pase de mando de 2015, cuando Cristina Kirchner se neg\u00f3 a todo contacto con el l\u00edder del PRO que le hab\u00eda ganado las elecciones al kirchnerismo. La entonces presidenta no le quiso entregar ni la banda ni el bast\u00f3n y tampoco facilitaba el acceso de los equipos de Cambiemos a la Casa Rosada y la Canciller\u00eda.<br \/>\nSeg\u00fan supo Clar\u00edn, la nueva transici\u00f3n parece menos atormentada de lo que fue en 2015 con Macri o en 2019 por los caprichos de la f\u00f3rmula que impuso Cristina cuando junto a Alberto Fernandez gan\u00f3 las elecciones.<br \/>\nEn esta oportunidad, la canciller designada Diana Mondino y el saliente ministro Santiago Cafiero ya enviaron todas las invitaciones a los jefes de Estado y de Gobierno para que asistir\u00e1n a la asunci\u00f3n de Milei con cuatro excepciones por decisi\u00f3n del gobierno electo. Una involucra al presidente de Ir\u00e1n, Ebrahim R..<\/p>\n","protected":false},"author":2,"featured_media":13929,"comment_status":"","ping_status":"","sticky":false,"template":"","format":"standard","meta":{"footnotes":""},"categories":[7],"tags":[],"_links":{"self":[{"href":"https:\/\/maxradio923.com.ar\/index.php\/wp-json\/wp\/v2\/posts\/13928"}],"collection":[{"href":"https:\/\/maxradio923.com.ar\/index.php\/wp-json\/wp\/v2\/posts"}],"about":[{"href":"https:\/\/maxradio923.com.ar\/index.php\/wp-json\/wp\/v2\/types\/post"}],"author":[{"embeddable":true,"href":"https:\/\/maxradio923.com.ar\/index.php\/wp-json\/wp\/v2\/users\/2"}],"replies":[{"embeddable":true,"href":"https:\/\/maxradio923.com.ar\/index.php\/wp-json\/wp\/v2\/comments?post=13928"}],"version-history":[{"count":0,"href":"https:\/\/maxradio923.com.ar\/index.php\/wp-json\/wp\/v2\/posts\/13928\/revisions"}],"wp:featuredmedia":[{"embeddable":true,"href":"https:\/\/maxradio923.com.ar\/index.php\/wp-json\/wp\/v2\/media\/13929"}],"wp:attachment":[{"href":"https:\/\/maxradio923.com.ar\/index.php\/wp-json\/wp\/v2\/media?parent=13928"}],"wp:term":[{"taxonomy":"category","embeddable":true,"href":"https:\/\/maxradio923.com.ar\/index.php\/wp-json\/wp\/v2\/categories?post=13928"},{"taxonomy":"post_tag","embeddable":true,"href":"https:\/\/maxradio923.com.ar\/index.php\/wp-json\/wp\/v2\/tags?post=13928"}],"curies":[{"name":"wp","href":"https:\/\/api.w.org\/{rel}","templated":true}]}}