{"id":1388,"date":"2023-09-01T18:34:29","date_gmt":"2023-09-01T16:34:29","guid":{"rendered":"https:\/\/maxradio923.com\/index.php\/2023\/09\/01\/cancelado-el-concierto-de-las-americas-en-2023-por-limitaciones-presupuestarias\/"},"modified":"2023-09-01T18:34:29","modified_gmt":"2023-09-01T16:34:29","slug":"cancelado-el-concierto-de-las-americas-en-2023-por-limitaciones-presupuestarias","status":"publish","type":"post","link":"https:\/\/maxradio923.com.ar\/index.php\/2023\/09\/01\/cancelado-el-concierto-de-las-americas-en-2023-por-limitaciones-presupuestarias\/","title":{"rendered":"Cancelado el \u00abConcierto de las Am\u00e9ricas\u00bb en 2023 por limitaciones presupuestarias"},"content":{"rendered":"<p><img decoding=\"async\" src=\"https:\/\/diariod3.com\/inicio\/wp-content\/uploads\/2023\/09\/concierto-de-las-americas.jpg\"\/><\/p>\n<p>Lamentablemente, este a\u00f1o los amantes de la m\u00fasica y la cultura deber\u00e1n marcar en sus calendarios una ausencia importante. El Ministerio de Turismo y Cultura de Argentina ha anunciado la cancelaci\u00f3n de la d\u00e9cima edici\u00f3n del \u00abConcierto de las Am\u00e9ricas\u00bb, un evento tradicional que sol\u00eda celebrarse en el majestuoso cerro Alc\u00e1zar, en la regi\u00f3n de Calingasta.<\/p>\n<p>El secretario de Turismo, Roberto Ju\u00e1rez, inform\u00f3 que la decisi\u00f3n de cancelar el evento se tom\u00f3 debido a cuestiones presupuestarias que imposibilitaron su programaci\u00f3n. A lo largo de los a\u00f1os, el \u00abConcierto de las Am\u00e9ricas\u00bb se hab\u00eda convertido en un punto de encuentro cultural y art\u00edstico, atrayendo a audiencias de diversas provincias argentinas, incluyendo Mendoza, C\u00f3rdoba, La Rioja y Buenos Aires.<\/p>\n<p>Este evento, que sol\u00eda celebrarse anualmente, no estuvo exento de desaf\u00edos, como la interrupci\u00f3n durante la pandemia. Sin embargo, se destacaba por su gran convocatoria y la participaci\u00f3n de renombrados artistas y grupos musicales en su escenario. Entre los artistas que han dejado su huella en el \u00abConcierto de las Am\u00e9ricas\u00bb se encuentran Bajofondo, Los Jaivas, Jamie Torres, Chango Spasiuk, La Delio Valdez y Rub\u00e9n Rada, entre otros.<\/p>\n<p>Los seguidores del evento y la comunidad cultural expresan su pesar por esta cancelaci\u00f3n y esperan que en el futuro se puedan encontrar soluciones para retomar esta valiosa tradici\u00f3n que enriquec\u00eda la vida cultural de la regi\u00f3n y del pa\u00eds. La m\u00fasica y la cultura siempre han sido un puente que conecta a las personas, y la suspensi\u00f3n del \u00abConcierto de las Am\u00e9ricas\u00bb es una p\u00e9rdida sentida para todos aquellos que disfrutaban de este encuentro anual.<\/p>\n<p>La entrada <a href=\"https:\/\/diariod3.com\/inicio\/cancelado-el-concierto-de-las-americas-en-2023-por-limitaciones-presupuestarias\/\" rel=\"noreferrer noopener\" target=\"_blank\">Cancelado el \u00abConcierto de las Am\u00e9ricas\u00bb en 2023 por limitaciones presupuestarias<\/a> se public\u00f3 primero en <a href=\"https:\/\/diariod3.com\/inicio\" rel=\"noreferrer noopener\" target=\"_blank\">DIARIO D3 NOTICIAS<\/a>.<\/p>\n","protected":false},"excerpt":{"rendered":"<p>Lamentablemente, este a\u00f1o los amantes de la m\u00fasica y la cultura deber\u00e1n marcar en sus calendarios una ausencia importante. El Ministerio de Turismo y Cultura de Argentina ha anunciado la cancelaci\u00f3n de la d\u00e9cima edici\u00f3n del \u00abConcierto de las Am\u00e9ricas\u00bb, un evento tradicional que sol\u00eda celebrarse en el majestuoso cerro Alc\u00e1zar, en la regi\u00f3n de [&hellip;]<\/p>\n","protected":false},"author":1,"featured_media":1389,"comment_status":"","ping_status":"","sticky":false,"template":"","format":"standard","meta":{"footnotes":""},"categories":[10],"tags":[],"_links":{"self":[{"href":"https:\/\/maxradio923.com.ar\/index.php\/wp-json\/wp\/v2\/posts\/1388"}],"collection":[{"href":"https:\/\/maxradio923.com.ar\/index.php\/wp-json\/wp\/v2\/posts"}],"about":[{"href":"https:\/\/maxradio923.com.ar\/index.php\/wp-json\/wp\/v2\/types\/post"}],"author":[{"embeddable":true,"href":"https:\/\/maxradio923.com.ar\/index.php\/wp-json\/wp\/v2\/users\/1"}],"replies":[{"embeddable":true,"href":"https:\/\/maxradio923.com.ar\/index.php\/wp-json\/wp\/v2\/comments?post=1388"}],"version-history":[{"count":0,"href":"https:\/\/maxradio923.com.ar\/index.php\/wp-json\/wp\/v2\/posts\/1388\/revisions"}],"wp:featuredmedia":[{"embeddable":true,"href":"https:\/\/maxradio923.com.ar\/index.php\/wp-json\/wp\/v2\/media\/1389"}],"wp:attachment":[{"href":"https:\/\/maxradio923.com.ar\/index.php\/wp-json\/wp\/v2\/media?parent=1388"}],"wp:term":[{"taxonomy":"category","embeddable":true,"href":"https:\/\/maxradio923.com.ar\/index.php\/wp-json\/wp\/v2\/categories?post=1388"},{"taxonomy":"post_tag","embeddable":true,"href":"https:\/\/maxradio923.com.ar\/index.php\/wp-json\/wp\/v2\/tags?post=1388"}],"curies":[{"name":"wp","href":"https:\/\/api.w.org\/{rel}","templated":true}]}}