{"id":13870,"date":"2023-11-28T12:15:13","date_gmt":"2023-11-28T15:15:13","guid":{"rendered":"https:\/\/maxradio923.com\/index.php\/2023\/11\/28\/juicio-politico-a-la-corte-los-k-metieron-6-cambios-en-la-comision-de-diputados-y-apelan-a-los-mas-cercanos-a-cristina-kirchner-para-dictaminar\/"},"modified":"2023-11-28T12:15:13","modified_gmt":"2023-11-28T15:15:13","slug":"juicio-politico-a-la-corte-los-k-metieron-6-cambios-en-la-comision-de-diputados-y-apelan-a-los-mas-cercanos-a-cristina-kirchner-para-dictaminar","status":"publish","type":"post","link":"https:\/\/maxradio923.com.ar\/index.php\/2023\/11\/28\/juicio-politico-a-la-corte-los-k-metieron-6-cambios-en-la-comision-de-diputados-y-apelan-a-los-mas-cercanos-a-cristina-kirchner-para-dictaminar\/","title":{"rendered":"Juicio pol\u00edtico a la Corte: los K metieron 6 cambios en la comisi\u00f3n de Diputados y apelan a los m\u00e1s cercanos a Cristina Kirchner para dictaminar"},"content":{"rendered":"<p>El kirchnerismo apel\u00f3 una medida llamativa, aunque permitida por el reglamento, y modific\u00f3 su representaci\u00f3n en la comisi\u00f3n de Juicio Pol\u00edtico de Diputados, todos legisladores cercanos a Cristina Kirchner, para dictaminar sobre el pedido de enjuiciamiento a la Corte Suprema de Justicia, en lo que ser\u00eda el \u00faltimo eslab\u00f3n de un proceso que se inici\u00f3 en enero y que desde el futuro gobierno de Javier Milei ya anticiparon que archivar\u00e1n.<\/p>\n<p>Para esta instancia de definici\u00f3n sobre una de las avanzadas contra el Poder Judicial, el oficialismo habilit\u00f3 el ingreso a la comisi\u00f3n de las camporistas Paula Penacca y Magal\u00ed Mastaler; junto a Ita\u00ed Hagman, que responde a Juan Grabois; M\u00f3nica Macha, de Nuevo Encuentro; la fueguina Carolina Yutrovic; y Carlos Selva, que si bien es parte del Frente Renovador, parece estar cada vez m\u00e1s cerca del kirchnerismo.<\/p>\n<p>Adem\u00e1s de los massistas Micaela Mor\u00e1n y Ramiro Guti\u00e9rrez tambi\u00e9n renunciaron a la comisi\u00f3n Mara Brawer, Susana Landriscini, Paola Vessvessian y Hern\u00e1n Perez Araujo. Los dos primeros dejaron su cargo en diferencia con el juicio, pero los restantes no est\u00e1 claro si fue por ese mismo motivo o una cuesti\u00f3n de  estrategia de la bancada que preside Germ\u00e1n Mart\u00ednez.<\/p>\n<p>Lo que s\u00ed est\u00e1 claro es que el oficialismo puso a sus alfiles m\u00e1s duros para esta audiencia en la que se definir\u00e1 si avanza el dictamen de acusaci\u00f3n contra Horacio Rosatti, Carlos Rosenkrantz, Ricardo Lorenzetti y Juan Carlos Maqueda porque estar\u00e1n los ultra K Rodolfo Tailhade y Leopoldo Moreau, junto Vanesa Siley Eduardo Vald\u00e9s y Hugo Yasky.<\/p>\n<p>De los 16 integrantes originales del oficialismo en la comisi\u00f3n de Juicio Pol\u00edtico, s\u00f3lo quedan 8, es decir que a lo largo de todo este proceso, la representaci\u00f3n del Frente de Todos se modific\u00f3 la mitad con distintas combinaciones. Lo curioso es que los 6 nuevos miembros tuvieron horas para leer las m\u00e1s de 2.000 p\u00e1ginas de las acusaciones y decenas de versiones taquigr\u00e1ficas, ya que las designaciones fueron confirmadas el lunes por la noche.<\/p>\n<p>La maniobra fue cuestionada por la oposici\u00f3n y desde Juntos por el Cambio ratificaron la decisi\u00f3n de rechazar el pedido de juicio pol\u00edtico. Mientras que el lavagnista Alejandro &quot;Topo&quot; Rodr\u00edguez, anticip\u00f3 que har\u00e1 &quot;lo que sea m\u00e1s conveniente: presentar un dictamen propio de rechazo al juicio pol\u00edtico o sumarme plenamente al otro dictamen de rechazo&quot;.<\/p>\n<p>Por su parte, Mario Negri, se\u00f1al\u00f3 que &quot;la \u00faltima bala del oficialismo no es de plata sino de salva&quot;. &quot;Tuvo que hacer 6 cambios en la comisi\u00f3n de Juicio Pol\u00edtico para poder dictaminar hoy el bochornoso proceso contra la Corte Suprema&quot;, transmiti\u00f3 el jefe del radicalismo en Diputados, quien advirti\u00f3 que &quot;el pr\u00f3ximo Congreso deber\u00e1 rechazarlo para que los jueces no sigan bajo presi\u00f3n K&quot;.<\/p>\n<p>En ese sentido, el presidente electo Javier Milei ya hab\u00eda anticipado su decisi\u00f3n de dar de baja al juicio pol\u00edtico. Mientras que el designado ministro de Justicia, Mariano C\u00faneo Libarona, declar\u00f3 que este proceso contra la Corte &quot;ha sido para da\u00f1arlos p\u00fablicamente, es infame. Esto tiene que terminar\u201d,<\/p>\n<p>El Frente de Todos cuenta en la actualidad con 118 diputados, pero a partir del 10 de diciembre, la bancada quedar\u00e1 en 108 legisladores por lo que no tendr\u00e1 los votos para avanzar con la acusaci\u00f3n, ya que se necesita de una mayor\u00eda especial para aprobarlo y as\u00ed girarlo al Senado.<\/p>\n","protected":false},"excerpt":{"rendered":"<p>El kirchnerismo apel\u00f3 una medida llamativa, aunque permitida por el reglamento, y modific\u00f3 su representaci\u00f3n en la comisi\u00f3n de Juicio Pol\u00edtico de Diputados, todos legisladores cercanos a Cristina Kirchner, para dictaminar sobre el pedido de enjuiciamiento a la Corte Suprema de Justicia, en lo que ser\u00eda el \u00faltimo eslab\u00f3n de un proceso que se inici\u00f3 en enero y que desde el futuro gobierno de Javier Milei ya anticiparon que archivar\u00e1n.<br \/>\nPara esta instancia de definici\u00f3n sobre una de las avanzadas contra el Poder Judicial, el oficialismo habilit\u00f3 el ingreso a la comisi\u00f3n de las camporistas Paula Penacca y Magal\u00ed Mastaler; junto a Ita\u00ed Hagman, que responde a Juan Grabois; M\u00f3nica Macha, de Nuevo Encuentro; la fueguina Carolina Yutrovic; y Carlos Selva, que si bien es parte del Frente Renovador, parece estar cada vez m\u00e1s cerca del kirchnerismo.<br \/>\nAdem\u00e1s de los massistas Micaela Mor\u00e1n y Ramiro Guti\u00e9rrez tambi\u00e9n renunciaron a la comisi\u00f3n Mara Brawer, Susana Landriscini, Paola Vessvessian y Hern\u00e1n ..<\/p>\n","protected":false},"author":2,"featured_media":13871,"comment_status":"","ping_status":"","sticky":false,"template":"","format":"standard","meta":{"footnotes":""},"categories":[7],"tags":[],"_links":{"self":[{"href":"https:\/\/maxradio923.com.ar\/index.php\/wp-json\/wp\/v2\/posts\/13870"}],"collection":[{"href":"https:\/\/maxradio923.com.ar\/index.php\/wp-json\/wp\/v2\/posts"}],"about":[{"href":"https:\/\/maxradio923.com.ar\/index.php\/wp-json\/wp\/v2\/types\/post"}],"author":[{"embeddable":true,"href":"https:\/\/maxradio923.com.ar\/index.php\/wp-json\/wp\/v2\/users\/2"}],"replies":[{"embeddable":true,"href":"https:\/\/maxradio923.com.ar\/index.php\/wp-json\/wp\/v2\/comments?post=13870"}],"version-history":[{"count":0,"href":"https:\/\/maxradio923.com.ar\/index.php\/wp-json\/wp\/v2\/posts\/13870\/revisions"}],"wp:featuredmedia":[{"embeddable":true,"href":"https:\/\/maxradio923.com.ar\/index.php\/wp-json\/wp\/v2\/media\/13871"}],"wp:attachment":[{"href":"https:\/\/maxradio923.com.ar\/index.php\/wp-json\/wp\/v2\/media?parent=13870"}],"wp:term":[{"taxonomy":"category","embeddable":true,"href":"https:\/\/maxradio923.com.ar\/index.php\/wp-json\/wp\/v2\/categories?post=13870"},{"taxonomy":"post_tag","embeddable":true,"href":"https:\/\/maxradio923.com.ar\/index.php\/wp-json\/wp\/v2\/tags?post=13870"}],"curies":[{"name":"wp","href":"https:\/\/api.w.org\/{rel}","templated":true}]}}