{"id":13820,"date":"2023-11-28T01:44:06","date_gmt":"2023-11-28T04:44:06","guid":{"rendered":"https:\/\/maxradio923.com\/index.php\/2023\/11\/28\/cumbre-de-legisladores-libertarios-con-villarruel-y-francos-para-ordenar-a-la-tropa-propia-en-el-congreso\/"},"modified":"2023-11-28T01:44:06","modified_gmt":"2023-11-28T04:44:06","slug":"cumbre-de-legisladores-libertarios-con-villarruel-y-francos-para-ordenar-a-la-tropa-propia-en-el-congreso","status":"publish","type":"post","link":"https:\/\/maxradio923.com.ar\/index.php\/2023\/11\/28\/cumbre-de-legisladores-libertarios-con-villarruel-y-francos-para-ordenar-a-la-tropa-propia-en-el-congreso\/","title":{"rendered":"Cumbre de legisladores libertarios con Villarruel y Francos  para ordenar a la tropa propia en el Congreso"},"content":{"rendered":"<p>El otro b\u00fanker libertario, en las oficinas de una torre ubicada en Avenida Libertador al 7208, fue escenario esta noche de sendas <strong>reuniones de senadores y diputados<\/strong> de La Libertad Avanza en busca de un <strong>mayor ordenamiento interno<\/strong> debido a las pujas surgidas por la definici\u00f3n de cargos en ambas c\u00e1maras del Congreso.<\/p>\n<p>El c\u00f3nclave fue convocado por el futuro ministro del Interior, <strong>Guillermo Francos<\/strong>, que particip\u00f3 en ambos encuentros, y por la vicepresidenta electa, <strong>Victoria Villarruel<\/strong>, que decidi\u00f3 reunir a los <strong>7 senadores nacionales de la fuerza<\/strong> para comenzar a trabajar en una agenda conjunta. En relaci\u00f3n a esta \u00faltima reuni\u00f3n, al cierre de esta edici\u00f3n se habr\u00eda decidido &quot;por consenso&quot; que la <strong>jefatura del bloque sea para el puntano Bartolom\u00e9 Abdala<\/strong>.<\/p>\n<p>El \u00faltimo en llegar al tercer piso del complejo de oficinas fue el senador formose\u00f1o Francisco Paoltroni que, con la excusa de una demora de un vuelo, cerca de las 21 se pleg\u00f3 a los juje\u00f1os Ezequiel Atauche y Vilma Bedia, al riojano Juan Carlos Pagotto, al sanjuanino Bruno Olivera Lucero y a los puntanos Abdala e Ivana Arrascaeta. Las deliberaciones, de este modo, se extendieron hasta una hora despu\u00e9s de comenzado el otro mit\u00edn programado en el mismo escenario: <strong>el de los diputados libertarios<\/strong>, que tuvo lugar en un sal\u00f3n contiguo.<\/p>\n<p>En este contexto, los senadores acordaron &quot;<strong>un esquema estrat\u00e9gico&quot; de contenci\u00f3n para la Vicepresidenta<\/strong> habida cuenta de la situaci\u00f3n de absoluta minor\u00eda en la que se encontrar\u00e1n en la c\u00e1mara alta para la definici\u00f3n de las comisiones y un cargo estrat\u00e9gico, como lo es el presidente provisional del Senado, tercero en la l\u00ednea de sucesi\u00f3n presidencial. <\/p>\n<p>&quot;Lo importante es que<strong> mostramos unidad frente a las suspicacias que hab\u00eda<\/strong>&quot;, apunt\u00f3 una fuente parlamentaria consultada al hacer referencia a las versiones sobre una posible escisi\u00f3n del bloque por parte de los representantes de San Luis, por caso.<\/p>\n<p>Son las matem\u00e1ticas las que, en verdad, pondr\u00e1n a prueba la gobernabilidad de la futura administraci\u00f3n y la posibilidad de sancionar leyes fundamentales para Javier Milei como la reforma del Estado o alguna de las privatizaciones en estudio, como la de la petrolera YPF.<\/p>\n<p>M\u00e1s all\u00e1 de las<strong> negociaciones en marcha con el ala dura del PRO y con un sector del peronismo &quot;dialoguista<\/strong>&quot;, la alianza libertaria contar\u00e1 con 7 bancas en la C\u00e1mara alta y con 38 en la C\u00e1mara de Diputados. Parece poco para las reformas en estudio. Y si quisiera recurrir a una metralla de DNU , reconocen en el espacio, siempre estar\u00eda el riesgo que sean anulados por una comisi\u00f3n bicameral revisora en la que seguramente estar\u00e1n en franca minor\u00eda.<\/p>\n<p>Justamente Francos, que hasta hace pocos meses era el representante del oficialismo en el BID y tambi\u00e9n ha participado de otros gobiernos justicialistas, <strong>empuja la &quot;integraci\u00f3n&quot; con el sector referenciado en el gobernador cordob\u00e9s Juan Schiaretti<\/strong>, por ejemplo, con la audaz idea de promover a Florencio Randazzo a la presidencia de la c\u00e1mara baja.<\/p>\n<p>Esa movida mantiene en alerta al espacio y por eso en la noche del mi\u00e9rcoles volvieron a escucharse planteos, como del riojano Mart\u00edn Menem, para que la <strong>presidencia de Diputados sea para un legislador propio y no para el exministro del Interior o para el actual jefe de los diputados del PRO, Cristian Ritondo<\/strong>, que presiona para quedarse con ese influyente sill\u00f3n. El exdirigente de Independiente promete gobernabilidad y el respaldo de un grupo de casi 40 legisladores del &quot;partido amarillo&quot;.<\/p>\n<p>Pero los estrategas libertarios sacan cuentas y sostienen que a\u00fan as\u00ed estar\u00edan lejos de los 129 diputados que necesitar\u00edan para el quorum.&quot;El problema que tenemos es que no hay liderazgos por eso surgen estas presiones&quot;, reconoci\u00f3 un operador de LLA consultado.<\/p>\n<p>En la reuni\u00f3n con los diputados, Francos habr\u00eda rese\u00f1ado los<strong> &quot;borradores&quot; de los proyectos urgentes<\/strong> que enviar\u00e1 la pr\u00f3xima administraci\u00f3n para debatir en las sesiones extraordinarias de diciembre pr\u00f3ximo, como el Presupuesto 2024, la ley de ministerios o el plan para reestructurar el Estado. &quot;Entre diciembre y marzo tenemos que meter las principales medidas y si deberemos recurrir a los DNU, habr\u00e1 que hacerlo con el riesgo que ello implica&quot;, concluy\u00f3, a su turno, una espada del presidente electo consultada.<\/p>\n","protected":false},"excerpt":{"rendered":"<p>El otro b\u00fanker libertario, en las oficinas de una torre ubicada en Avenida Libertador al 7208, fue escenario esta noche de sendas reuniones de senadores y diputados de La Libertad Avanza en busca de un mayor ordenamiento interno debido a las pujas surgidas por la definici\u00f3n de cargos en ambas c\u00e1maras del Congreso.<br \/>\nEl c\u00f3nclave fue convocado por el futuro ministro del Interior, Guillermo Francos, que particip\u00f3 en ambos encuentros, y por la vicepresidenta electa, Victoria Villarruel, que decidi\u00f3 reunir a los 7 senadores nacionales de la fuerza para comenzar a trabajar en una agenda conjunta. En relaci\u00f3n a esta \u00faltima reuni\u00f3n, al cierre de esta edici\u00f3n se habr\u00eda decidido &#8220;por consenso&#8221; que la jefatura del bloque sea para el puntano Bartolom\u00e9 Abdala.<br \/>\nEl \u00faltimo en llegar al tercer piso del complejo de oficinas fue el senador formose\u00f1o Francisco Paoltroni que, con la excusa de una demora de un vuelo, cerca de las 21 se pleg\u00f3 a los juje\u00f1os Ezequiel Atauche y Vilma Bedia, al riojano Juan Carlos..<\/p>\n","protected":false},"author":2,"featured_media":13821,"comment_status":"","ping_status":"","sticky":false,"template":"","format":"standard","meta":{"footnotes":""},"categories":[7],"tags":[],"_links":{"self":[{"href":"https:\/\/maxradio923.com.ar\/index.php\/wp-json\/wp\/v2\/posts\/13820"}],"collection":[{"href":"https:\/\/maxradio923.com.ar\/index.php\/wp-json\/wp\/v2\/posts"}],"about":[{"href":"https:\/\/maxradio923.com.ar\/index.php\/wp-json\/wp\/v2\/types\/post"}],"author":[{"embeddable":true,"href":"https:\/\/maxradio923.com.ar\/index.php\/wp-json\/wp\/v2\/users\/2"}],"replies":[{"embeddable":true,"href":"https:\/\/maxradio923.com.ar\/index.php\/wp-json\/wp\/v2\/comments?post=13820"}],"version-history":[{"count":0,"href":"https:\/\/maxradio923.com.ar\/index.php\/wp-json\/wp\/v2\/posts\/13820\/revisions"}],"wp:featuredmedia":[{"embeddable":true,"href":"https:\/\/maxradio923.com.ar\/index.php\/wp-json\/wp\/v2\/media\/13821"}],"wp:attachment":[{"href":"https:\/\/maxradio923.com.ar\/index.php\/wp-json\/wp\/v2\/media?parent=13820"}],"wp:term":[{"taxonomy":"category","embeddable":true,"href":"https:\/\/maxradio923.com.ar\/index.php\/wp-json\/wp\/v2\/categories?post=13820"},{"taxonomy":"post_tag","embeddable":true,"href":"https:\/\/maxradio923.com.ar\/index.php\/wp-json\/wp\/v2\/tags?post=13820"}],"curies":[{"name":"wp","href":"https:\/\/api.w.org\/{rel}","templated":true}]}}