{"id":13814,"date":"2023-11-28T00:44:27","date_gmt":"2023-11-28T03:44:27","guid":{"rendered":"https:\/\/maxradio923.com\/index.php\/2023\/11\/28\/reaparecio-jose-luis-manzano-dijo-que-voto-a-sergio-massa-pero-que-le-gusta-mucho-lo-que-esta-haciendo-javier-milei\/"},"modified":"2023-11-28T00:44:27","modified_gmt":"2023-11-28T03:44:27","slug":"reaparecio-jose-luis-manzano-dijo-que-voto-a-sergio-massa-pero-que-le-gusta-mucho-lo-que-esta-haciendo-javier-milei","status":"publish","type":"post","link":"https:\/\/maxradio923.com.ar\/index.php\/2023\/11\/28\/reaparecio-jose-luis-manzano-dijo-que-voto-a-sergio-massa-pero-que-le-gusta-mucho-lo-que-esta-haciendo-javier-milei\/","title":{"rendered":"Reapareci\u00f3 Jos\u00e9 Luis Manzano: dijo que vot\u00f3 a Sergio Massa pero que le gusta mucho lo que est\u00e1 haciendo Javier Milei"},"content":{"rendered":"<p>En su rol de titular del holding<strong> Integra Capital<\/strong>, Jos\u00e9 Luis Manzano reapareci\u00f3 en p\u00fablico para dar su visi\u00f3n sobre los primeros pasos que est\u00e1 dando Javier Milei tras ganar el balotaje del 19 de noviembre. Y sobre todo, qu\u00e9 impacto espera que tendr\u00e1 el plan econ\u00f3mico que promete aplicar el presidente electo en los sectores donde Integra tiene inversiones,<\/p>\n<p>Manzano, que tiene negocios en la<strong> explotaci\u00f3n de petr\u00f3leo y desde hace meses sum\u00f3 a su porfolio la distribuidora Edenor<\/strong>, se mostr\u00f3<strong> sumamente optimista<\/strong> con Milei y con el escenario pol\u00edtico y econ\u00f3mico que, cree, empezaron a delinear los resultados electorales.<\/p>\n<p>Sobre esto, Manzano est\u00e1 convencido que m\u00e1s de dos tercios de la sociedad vot\u00f3 por una econom\u00eda donde el Estado tenga menos injerencia. \u201c<strong>Yo vot\u00e9 por Sergio Massa, pero me parece que Milei est\u00e1 dando los pasos correctos, en sinton\u00eda con lo que la gente vot\u00f3\u201d<\/strong> resumi\u00f3 Manzano.<\/p>\n<p>En otro tramo de la charla que mantuvo en el marco de un encuentro del sector energ\u00e9tico organizado por el medio especializado Econo Journal, Manzano habl\u00f3 de que Milei tiene que aprovechar la expansi\u00f3n de Vaca Muerta estableciendo un regimen cambiario adecuado para la actividad. <\/p>\n<p>\u201cSi el Gobierno de turno se quiere quedar con los d\u00f3lares de la exportaci\u00f3n petrolera, las empresas buscan por todos los medios retener esos d\u00f3lares, pero si el Gobierno le da libertad a las empresas para que dispongan de esos d\u00f3lares, <strong>las empresas lo van a reinvertir\u201d.<\/strong> Puso un ejemplo: \u201cLa econom\u00eda es como los caballos, tiene que haber m\u00e1s incentivos que garrote. Los caballos que entran nerviosos no ganan las carreras\u201d.<\/p>\n<p>Tambi\u00e9n habl\u00f3 de subsidios, y fue muy cr\u00edtico de los gobiernos kirchneristas y del gobierno que se termina el 10 de diciembre. \u201cEl Gobierno no quiso dar el debate por los subsidios, pero hoy no se puede seguir subsidiando a todo el mundo,<strong> no se le puede subsidiar el combustible al due\u00f1o de una Ferrari\u201d<\/strong>, grafic\u00f3. \u201cNo se puede subsidiar el consumo de los sectores altos. Yo sigo siendo peronista, pero mi partido ha eludido el debate sobre c\u00f3mo manejar los subsidios. Si se aplicara un tercio de la tecnolog\u00eda que se usa para segmentar y<strong> sectorizar votantes, el tema estar\u00eda resuelto\u201d, sostuvo.<\/strong><\/p>\n<p>A su juicio, \u201cla tecnolog\u00eda disponible puede determinar con much\u00edsima precisi\u00f3n qui\u00e9n merece recibir un subsidio y qui\u00e9n no\u201d.<\/p>\n<p>Sobre<strong> tarifas, <\/strong>precisamente, Manzano, como due\u00f1o de Edenor, acept\u00f3 que el sinceramiento de la factura que van a tener que pagar los usuarios finales debe ser  g<strong>radual\u201d.<\/strong> Pero insisti\u00f3 en que el nuevo esquema tarifario deber\u00eda sufrir ciertas modificaciones. \u201cHoy, la factura dice Edenor, pero se est\u00e1 llevando m\u00e1s plata la generadora que nosotros\u201d se quej\u00f3.<\/p>\n<p>M\u00e1s sobre Edenor: \u201cDisponemos de una red buena para unos 42 grados de temperatura. Pero el calentamiento est\u00e1 y<strong> si tenemos un fin de a\u00f1o de 45 grados, vamos a sufrir<\/strong>. La red, sin adecuarse al presente, no s\u00f3lo no es inteligente: es boba. S\u00f3lo descarga hacia abajo, no puede tomar energ\u00eda\u00bb<\/p>\n<p>Sobre el mentado tema de las privatizaciones que impulsar\u00eda el gobierno de Milei, Manzano dijo: \u201cNos vamos a presentar a todas las que podamos, aunque lo m\u00e1s seguro es que no ganemos\u201d.<\/p>\n<p>Resumi\u00f3 su visi\u00f3n sobre el potencial de Argentina: \u201cSi le sacamos la inflaci\u00f3n, somos el pa\u00eds m\u00e1s atractivo de Am\u00e9rica Latina\u201d.<\/p>\n","protected":false},"excerpt":{"rendered":"<p>En su rol de titular del holding Integra Capital, Jos\u00e9 Luis Manzano reapareci\u00f3 en p\u00fablico para dar su visi\u00f3n sobre los primeros pasos que est\u00e1 dando Javier Milei tras ganar el balotaje del 19 de noviembre. Y sobre todo, qu\u00e9 impacto espera que tendr\u00e1 el plan econ\u00f3mico que promete aplicar el presidente electo en los sectores donde Integra tiene inversiones,<br \/>\nManzano, que tiene negocios en la explotaci\u00f3n de petr\u00f3leo y desde hace meses sum\u00f3 a su porfolio la distribuidora Edenor, se mostr\u00f3 sumamente optimista con Milei y con el escenario pol\u00edtico y econ\u00f3mico que, cree, empezaron a delinear los resultados electorales.<br \/>\nSobre esto, Manzano est\u00e1 convencido que m\u00e1s de dos tercios de la sociedad vot\u00f3 por una econom\u00eda donde el Estado tenga menos injerencia. \u201cYo vot\u00e9 por Sergio Massa, pero me parece que Milei est\u00e1 dando los pasos correctos, en sinton\u00eda con lo que la gente vot\u00f3\u201d resumi\u00f3 Manzano.<br \/>\nEn otro tramo de la charla que mantuvo en el marco de un encuentro del sector energ\u00e9tico organizado por el..<\/p>\n","protected":false},"author":2,"featured_media":13815,"comment_status":"","ping_status":"","sticky":false,"template":"","format":"standard","meta":{"footnotes":""},"categories":[2],"tags":[],"_links":{"self":[{"href":"https:\/\/maxradio923.com.ar\/index.php\/wp-json\/wp\/v2\/posts\/13814"}],"collection":[{"href":"https:\/\/maxradio923.com.ar\/index.php\/wp-json\/wp\/v2\/posts"}],"about":[{"href":"https:\/\/maxradio923.com.ar\/index.php\/wp-json\/wp\/v2\/types\/post"}],"author":[{"embeddable":true,"href":"https:\/\/maxradio923.com.ar\/index.php\/wp-json\/wp\/v2\/users\/2"}],"replies":[{"embeddable":true,"href":"https:\/\/maxradio923.com.ar\/index.php\/wp-json\/wp\/v2\/comments?post=13814"}],"version-history":[{"count":0,"href":"https:\/\/maxradio923.com.ar\/index.php\/wp-json\/wp\/v2\/posts\/13814\/revisions"}],"wp:featuredmedia":[{"embeddable":true,"href":"https:\/\/maxradio923.com.ar\/index.php\/wp-json\/wp\/v2\/media\/13815"}],"wp:attachment":[{"href":"https:\/\/maxradio923.com.ar\/index.php\/wp-json\/wp\/v2\/media?parent=13814"}],"wp:term":[{"taxonomy":"category","embeddable":true,"href":"https:\/\/maxradio923.com.ar\/index.php\/wp-json\/wp\/v2\/categories?post=13814"},{"taxonomy":"post_tag","embeddable":true,"href":"https:\/\/maxradio923.com.ar\/index.php\/wp-json\/wp\/v2\/tags?post=13814"}],"curies":[{"name":"wp","href":"https:\/\/api.w.org\/{rel}","templated":true}]}}