{"id":13806,"date":"2023-11-27T23:34:24","date_gmt":"2023-11-28T02:34:24","guid":{"rendered":"https:\/\/maxradio923.com\/index.php\/2023\/11\/27\/pugna-por-el-sillon-en-defensa-el-factor-villarruel-y-la-carta-que-se-guarda-milei\/"},"modified":"2023-11-27T23:34:24","modified_gmt":"2023-11-28T02:34:24","slug":"pugna-por-el-sillon-en-defensa-el-factor-villarruel-y-la-carta-que-se-guarda-milei","status":"publish","type":"post","link":"https:\/\/maxradio923.com.ar\/index.php\/2023\/11\/27\/pugna-por-el-sillon-en-defensa-el-factor-villarruel-y-la-carta-que-se-guarda-milei\/","title":{"rendered":"Pugna por el sill\u00f3n en Defensa: el factor Villarruel y la carta que se guarda Milei"},"content":{"rendered":"<p>&quot;Hay tiempo hasta el 10 de diciembre&quot;, se ataj\u00f3 este domingo un estrecho colaborador de Javier Milei al hacerse eco de la <strong>indefinici\u00f3n en la designaci\u00f3n del futuro ministro de Defensa<\/strong>, un \u00e1rea en principio destinada a quedar bajo el paraguas de la vicepresidenta electa Victoria Villarruel y donde ahora podr\u00edan tallar los <strong>acuerdos pol\u00edticos del l\u00edder libertario con el ala dura del PRO<\/strong> y con un sector del peronismo.<\/p>\n<p>Fue la unci\u00f3n de Patricia Bullrich como pr\u00f3xima ministra de Seguridad, otra cartera en la que en teor\u00eda iba a tallar la actual diputada de LLA, la que puso de manifiesto la tensi\u00f3n interna en la alianza libertaria. <\/p>\n<p>Durante la campa\u00f1a electoral el locuaz economista se hab\u00eda encargado de bendecir a su compa\u00f1era de f\u00f3rmula como quien se ocupar\u00eda de los nombramientos y de la definici\u00f3n de los lineamientos de todo lo que tuviera que ver con este rubro si consegu\u00edan vencer al oficialismo en las urnas.<\/p>\n<p>Pero<strong> las negociaciones por el gabinete <\/strong>que comenz\u00f3 a liderar Milei y su hermana Karina, quien -seg\u00fan fuentes de LLA- no tendr\u00eda el mejor v\u00ednculo con la referente del Centro de Estudios Legales sobre el Terrorismo y sus V\u00edctimas (Celtyv), terminaron <strong>modificando el reparto de funciones<\/strong> previsto en la etapa proselitista.<\/p>\n<p>El \u00faltimo viernes, pocas horas despu\u00e9s de conocida la vuelta de Bullrich a la cartera ubicada en Gelly y Obes, Villarruel pareci\u00f3 ensayar una respuesta pol\u00edtica con su visita a las sedes de la Polic\u00eda Federal, Prefectura Naval y Gendarmer\u00eda Naval, haci\u00e9ndose cargo de su <strong>defensa de las fuerzas de seguridad y el respaldo que \u00e9stas le dispensar\u00edan<\/strong>. Durante el fin de semana, sin embargo, algo pareci\u00f3 cambiar y la tensi\u00f3n interna comenz\u00f3 a disminuir.<\/p>\n<p>En el entorno de la diputada aducen que incluso <strong>lleg\u00f3 a reunirse con Luis Petri<\/strong> -el candidato a vicepresidente de Juntos por el Cambio en las elecciones generales que suena como probable titular de la cartera de Defensa- y descartan que las negociaciones en marcha generen &quot;tensiones&quot; en LLA sino que son<strong> instancias &quot;necesarias&quot; para construir consensos<\/strong>.<\/p>\n<p>De alguna forma, entonces, cerca de Villarruel validar\u00edan los acuerdos pol\u00edticos que est\u00e1 llevando adelante Milei &quot;para generar gobernabilidad. <strong>Los acuerdos siempre estuvieron supeditados a las necesidades del Presidente<\/strong>&quot; electo, alegan por estas horas fuentes cercanas a la actual diputada.<\/p>\n<p>S\u00ed Villarruel tendr\u00e1 un rol activo en la definici\u00f3n de proyectos de ley para propiciar enmiendas en ambas carteras. Como titular del Senado, adem\u00e1s, se encuentra inmersa en la futura organizaci\u00f3n de la c\u00e1mara alta y en las negociaciones para designar los principales cargos.<\/p>\n<p>Si bien una de las &quot;alternativas&quot; en marcha es dar impulso a Petri al sill\u00f3n del Edificio Libertador como parte del acuerdo con Bullrich, <strong>hay &quot;otras alternativas&quot; en estudio<\/strong>. <\/p>\n<p>&quot;Pero <strong>definir\u00e1 Javier, todo est\u00e1 supeditado a lo que \u00e9l decida<\/strong>&quot;, remarc\u00f3, a su turno, una dirigente que supo caminar la campa\u00f1a junto a Villarruel. Uno de los nombres que son\u00f3 para ese organismo es <strong>el brigadier Jorge Antelo<\/strong>, de buena relaci\u00f3n con la Vice pero que tambi\u00e9n conoce Milei durante su paso por el conglomerado de Eduardo Eurnekian.<\/p>\n<p>Hoy <strong>el principal malestar interno en el armado libertario proviene de los &quot;hist\u00f3ricos&quot; <\/strong>que supieron acompa\u00f1ar al l\u00edder libertario desde 2021. &quot;<strong>No hay nada nada para nosotros<\/strong>&quot;, se quejan y observan con escozor las negociaciones entabladas con los &quot;halcones&quot; del PRO pero tambi\u00e9n con un sector del peronismo &quot;dialoguista&quot;, como el referenciado en el cordob\u00e9s Juan Schiaretti.<\/p>\n<p>En este sentido, atribuyen las negociaciones con un sector del PJ a la ambiciosa idea de Guillermo Francos de no cerrarse a lograr &quot;gobernabilidad&quot; s\u00f3lo con un sector del &quot;partido amarillo&quot;.<\/p>\n<p>Tambi\u00e9n dirigentes como el desplazado armador Carlos Kikuchi miran de reojo el empoderamiento de j\u00f3venes como Santiago Caputo, que podr\u00eda recalar en la Secretar\u00eda de Asuntos Estrat\u00e9gicos, que tiene sede en Casa Rosada y durante la gesti\u00f3n de Gustavo Beliz ten\u00eda bajo su potestad la negociaci\u00f3n con los organismos internacionales de cr\u00e9dito, como el BID. <\/p>\n","protected":false},"excerpt":{"rendered":"<p>&#8220;Hay tiempo hasta el 10 de diciembre&#8221;, se ataj\u00f3 este domingo un estrecho colaborador de Javier Milei al hacerse eco de la indefinici\u00f3n en la designaci\u00f3n del futuro ministro de Defensa, un \u00e1rea en principio destinada a quedar bajo el paraguas de la vicepresidenta electa Victoria Villarruel y donde ahora podr\u00edan tallar los acuerdos pol\u00edticos del l\u00edder libertario con el ala dura del PRO y con un sector del peronismo.<br \/>\nFue la unci\u00f3n de Patricia Bullrich como pr\u00f3xima ministra de Seguridad, otra cartera en la que en teor\u00eda iba a tallar la actual diputada de LLA, la que puso de manifiesto la tensi\u00f3n interna en la alianza libertaria.<br \/>\nDurante la campa\u00f1a electoral el locuaz economista se hab\u00eda encargado de bendecir a su compa\u00f1era de f\u00f3rmula como quien se ocupar\u00eda de los nombramientos y de la definici\u00f3n de los lineamientos de todo lo que tuviera que ver con este rubro si consegu\u00edan vencer al oficialismo en las urnas.<br \/>\nPero las negociaciones por el gabinete que comenz\u00f3 a liderar Milei y su hermana ..<\/p>\n","protected":false},"author":2,"featured_media":13807,"comment_status":"","ping_status":"","sticky":false,"template":"","format":"standard","meta":{"footnotes":""},"categories":[7],"tags":[],"_links":{"self":[{"href":"https:\/\/maxradio923.com.ar\/index.php\/wp-json\/wp\/v2\/posts\/13806"}],"collection":[{"href":"https:\/\/maxradio923.com.ar\/index.php\/wp-json\/wp\/v2\/posts"}],"about":[{"href":"https:\/\/maxradio923.com.ar\/index.php\/wp-json\/wp\/v2\/types\/post"}],"author":[{"embeddable":true,"href":"https:\/\/maxradio923.com.ar\/index.php\/wp-json\/wp\/v2\/users\/2"}],"replies":[{"embeddable":true,"href":"https:\/\/maxradio923.com.ar\/index.php\/wp-json\/wp\/v2\/comments?post=13806"}],"version-history":[{"count":0,"href":"https:\/\/maxradio923.com.ar\/index.php\/wp-json\/wp\/v2\/posts\/13806\/revisions"}],"wp:featuredmedia":[{"embeddable":true,"href":"https:\/\/maxradio923.com.ar\/index.php\/wp-json\/wp\/v2\/media\/13807"}],"wp:attachment":[{"href":"https:\/\/maxradio923.com.ar\/index.php\/wp-json\/wp\/v2\/media?parent=13806"}],"wp:term":[{"taxonomy":"category","embeddable":true,"href":"https:\/\/maxradio923.com.ar\/index.php\/wp-json\/wp\/v2\/categories?post=13806"},{"taxonomy":"post_tag","embeddable":true,"href":"https:\/\/maxradio923.com.ar\/index.php\/wp-json\/wp\/v2\/tags?post=13806"}],"curies":[{"name":"wp","href":"https:\/\/api.w.org\/{rel}","templated":true}]}}