{"id":13804,"date":"2023-11-27T23:34:23","date_gmt":"2023-11-28T02:34:23","guid":{"rendered":"https:\/\/maxradio923.com\/index.php\/2023\/11\/27\/los-gobernadores-del-pj-buscan-abroquelarse-y-afinan-una-estrategia-para-negociar-con-javier-milei\/"},"modified":"2023-11-27T23:34:23","modified_gmt":"2023-11-28T02:34:23","slug":"los-gobernadores-del-pj-buscan-abroquelarse-y-afinan-una-estrategia-para-negociar-con-javier-milei","status":"publish","type":"post","link":"https:\/\/maxradio923.com.ar\/index.php\/2023\/11\/27\/los-gobernadores-del-pj-buscan-abroquelarse-y-afinan-una-estrategia-para-negociar-con-javier-milei\/","title":{"rendered":"Los gobernadores del PJ buscan abroquelarse y afinan una estrategia para negociar con Javier Milei"},"content":{"rendered":"<p>Con el objetivo de trazar una <strong>estrategia en bloque<\/strong> para el<strong> primer tramo del gobierno de Javier Milei <\/strong>y delinear un reclamo conjunto por los <strong>cambios en Ganancias<\/strong> que impuso la gesti\u00f3n de Alberto Fern\u00e1ndez, los <strong>gobernadores del PJ <\/strong>se reunir\u00e1n este martes en la que ser\u00e1 la primera gran cumbre peronista tras la derrota que sufri\u00f3 en el balotaje.<\/p>\n<p>En un contexto en el que la cat\u00e1strofe electoral dej\u00f3 de pie a <strong>apenas nueve gobernadores puros pejotistas<\/strong>, lista a la que se debe sumar por su condici\u00f3n de incondicional K al <strong>ex radical Gerardo Zamora <\/strong>(Santiago del Estero), a la reuni\u00f3n fueron invitados mandatarios aliados de Uni\u00f3n por la Patria como el rionegrino <strong>Alberto Weretilneck<\/strong>, del partido provincial Juntos Somos R\u00edo Negro, y el misionero <strong>Hugo Passalacqua <\/strong>(Frente Renovador de la Concordia).<\/p>\n<p><strong>Axel Kicillof<\/strong>, quien asoma como la cara visible de mayor peso espec\u00edfico para esta etapa del peronismo, oficiar\u00e1 de<strong> anfitri\u00f3n en la sede porte\u00f1a del Banco Provincia <\/strong>en una cita que tendr\u00e1 como uno de sus ejes las sesiones extraordinarias del Congreso a las que convocar\u00e1 Milei, donde el peronismo buscar\u00e1 hacer valer su condici\u00f3n mayoritaria<strong> para obturar las leyes<\/strong> con las que intente avanzar el nuevo Gobierno.<\/p>\n<p>Tanto es as\u00ed que el almuerzo <strong>-la cumbre est\u00e1 prevista para las 13-<\/strong> empez\u00f3 a gestarse cuando Guillermo Francos, el ministro del Interior designado por Milei, comenz\u00f3 a sondear en forma individual a los mandatarios. &quot;<strong>Tenemos que negociar en bloque<\/strong>. Cada uno conoce y tiene la urgencia de la situaci\u00f3n de su provincia, pero no podemos cortarnos solos&quot;, asegur\u00f3 a <strong>Clar\u00edn<\/strong> uno de los gobernadores que confirm\u00f3 asistencia.<\/p>\n<p>La idea de la reuni\u00f3n tiene que ver con las distintas miradas que hay sobre la hoja de ruta en el v\u00ednculo con el Gobierno nacional. Por un lado est\u00e1n los que, como el salte\u00f1o <strong>Gustavo S\u00e1enz<\/strong>, se muestran <strong>m\u00e1s dialoguistas <\/strong>y pidieron una reuni\u00f3n con Francos para intentar asegurarse fondos, luego del anuncio de Milei de que iba a frenar la obra p\u00fablica. Otros, como <strong>Kicillof, prefieren esperar<\/strong>.<\/p>\n<p>&quot;Para nosotros es un derecho adquirido y vamos a pelear hasta el \u00faltimo para que las mismas se hagan&quot;, dijo S\u00e1enz, aliado massista. No hizo falta que se refiriera a la<strong> coparticipaci\u00f3n federal<\/strong>, cuyo recorte ya ha sido planteado por Milei pero con varios interrogantes en cuanto a su viabilidad: &quot;Es imposible que se apruebe un recorte, alcanza con que un gobernador se oponga para frenar cualquier reforma. Y <strong>ni siquiera tienen el apoyo de los de Juntos por el Cambio<\/strong>&quot;, ironizaron desde otra provincia peronista.<\/p>\n<h2>Ganancias y compre sin IVA, en el debate<\/h2>\n<p>El debate en torno a los cambios en <strong>Ganancias<\/strong> y el plan <strong>&quot;Compre sin IVA&quot;<\/strong> que impuls\u00f3 Massa durante la campa\u00f1a acaparar\u00e1 buena parte de la cita. Los gobernadores, a pesar de haber apoyado -incluso varios p\u00fablicamente- en la previa electoral el proyecto que les termin\u00f3 quitando fondos multimillonarios a sus distritos, quieren revertirlo o exigir un Decreto de Necesidad y Urgencia con la compensaci\u00f3n que <strong>les prometi\u00f3 -y nunca lleg\u00f3- el ex candidato a presidente de Uni\u00f3n por la Patria<\/strong>. <\/p>\n<p>Sus <strong>colegas cambiemitas piden lo mismo<\/strong>, por lo que es una puja en la que el desenlace asoma incierto y en el que no descartan judicializarlo en bloque.<\/p>\n<p>Alguien le sugiri\u00f3 a un gobernador que se ofrezca como <strong>moneda de cambio<\/strong> el apoyo al nombre que proponga el Presidente electo para encabezar la <strong>Presidencia Provisional del Senado<\/strong>, tercera en la l\u00ednea sucesoria. &quot;Eso es un asunto de Cristina&quot;, fue la respuesta.<\/p>\n<p>A priori, en el encuentro, tambi\u00e9n estar\u00edan <strong>Sergio Ziliotto<\/strong> (La Pampa), <strong>Ra\u00fal Jalil <\/strong>(Catamarca), <strong>Gildo Insfr\u00e1n<\/strong> (Formosa), <strong>Ricardo Quintela<\/strong> (La Rioja), <strong>Osvaldo Jaldo<\/strong> (Tucum\u00e1n), <strong>Gustavo Melella<\/strong> (Tierra del Fuego). Entre los mandatarios salientes, se anota el chaque\u00f1o <strong>Jorge Capitanich<\/strong>.<\/p>\n<p>A diferencia de los gobernadores de JxC, que buscan erigirse como las voces que conduzcan la nueva etapa tras la ruptura que sufri\u00f3 la coalici\u00f3n por la pelea entre halcones y palomas, los caciques peronistas se proponen consensuar una postura ante temas espinosos, pero prefieren centrarse en sus administraciones y,<strong> a la espera de las se\u00f1ales de Cristina Kirchner<\/strong>, dejar para m\u00e1s adelante la discusi\u00f3n por la reconfiguraci\u00f3n del peronismo y el liderazgo opositor.<\/p>\n<p>M\u00e1s all\u00e1 de que <strong>abunda la sensaci\u00f3n de fin de ciclo en relaci\u00f3n a la hegemon\u00eda K<\/strong> en la toma de decisiones, la experiencia durante la gesti\u00f3n de Mauricio Macri y el posterior regreso de la vicepresidenta al poder hace que cualquier movimiento sea m\u00e1s cauteloso.<\/p>\n<p>De cualquier forma, sin embargo, <strong>la mesa servir\u00e1 como espacio de reflexi\u00f3n y autocr\u00edtica<\/strong>. &quot;Tenemos que entender que nos gan\u00f3 un tipo que hasta hace dos a\u00f1os ped\u00eda que lo inviten a los canales de televisi\u00f3n. Si no nos hacemos cargo, esto va a ser cada vez peor&quot;, es la postura de uno de los que se sentar\u00e1 en la mesa.<\/p>\n","protected":false},"excerpt":{"rendered":"<p>Con el objetivo de trazar una estrategia en bloque para el primer tramo del gobierno de Javier Milei y delinear un reclamo conjunto por los cambios en Ganancias que impuso la gesti\u00f3n de Alberto Fern\u00e1ndez, los gobernadores del PJ se reunir\u00e1n este martes en la que ser\u00e1 la primera gran cumbre peronista tras la derrota que sufri\u00f3 en el balotaje.<br \/>\nEn un contexto en el que la cat\u00e1strofe electoral dej\u00f3 de pie a apenas nueve gobernadores puros pejotistas, lista a la que se debe sumar por su condici\u00f3n de incondicional K al ex radical Gerardo Zamora (Santiago del Estero), a la reuni\u00f3n fueron invitados mandatarios aliados de Uni\u00f3n por la Patria como el rionegrino Alberto Weretilneck, del partido provincial Juntos Somos R\u00edo Negro, y el misionero Hugo Passalacqua (Frente Renovador de la Concordia).<br \/>\nAxel Kicillof, quien asoma como la cara visible de mayor peso espec\u00edfico para esta etapa del peronismo, oficiar\u00e1 de anfitri\u00f3n en la sede porte\u00f1a del Banco Provincia en una cita que tendr\u00e1 como uno de sus ..<\/p>\n","protected":false},"author":2,"featured_media":13805,"comment_status":"","ping_status":"","sticky":false,"template":"","format":"standard","meta":{"footnotes":""},"categories":[7],"tags":[],"_links":{"self":[{"href":"https:\/\/maxradio923.com.ar\/index.php\/wp-json\/wp\/v2\/posts\/13804"}],"collection":[{"href":"https:\/\/maxradio923.com.ar\/index.php\/wp-json\/wp\/v2\/posts"}],"about":[{"href":"https:\/\/maxradio923.com.ar\/index.php\/wp-json\/wp\/v2\/types\/post"}],"author":[{"embeddable":true,"href":"https:\/\/maxradio923.com.ar\/index.php\/wp-json\/wp\/v2\/users\/2"}],"replies":[{"embeddable":true,"href":"https:\/\/maxradio923.com.ar\/index.php\/wp-json\/wp\/v2\/comments?post=13804"}],"version-history":[{"count":0,"href":"https:\/\/maxradio923.com.ar\/index.php\/wp-json\/wp\/v2\/posts\/13804\/revisions"}],"wp:featuredmedia":[{"embeddable":true,"href":"https:\/\/maxradio923.com.ar\/index.php\/wp-json\/wp\/v2\/media\/13805"}],"wp:attachment":[{"href":"https:\/\/maxradio923.com.ar\/index.php\/wp-json\/wp\/v2\/media?parent=13804"}],"wp:term":[{"taxonomy":"category","embeddable":true,"href":"https:\/\/maxradio923.com.ar\/index.php\/wp-json\/wp\/v2\/categories?post=13804"},{"taxonomy":"post_tag","embeddable":true,"href":"https:\/\/maxradio923.com.ar\/index.php\/wp-json\/wp\/v2\/tags?post=13804"}],"curies":[{"name":"wp","href":"https:\/\/api.w.org\/{rel}","templated":true}]}}