{"id":13798,"date":"2023-11-27T21:24:19","date_gmt":"2023-11-28T00:24:19","guid":{"rendered":"https:\/\/maxradio923.com\/index.php\/2023\/11\/27\/con-el-ingreso-de-una-camporista-el-kirchnerismo-busca-avanzar-con-el-dictamen-del-juicio-politico-a-la-corte-suprema\/"},"modified":"2023-11-27T21:24:19","modified_gmt":"2023-11-28T00:24:19","slug":"con-el-ingreso-de-una-camporista-el-kirchnerismo-busca-avanzar-con-el-dictamen-del-juicio-politico-a-la-corte-suprema","status":"publish","type":"post","link":"https:\/\/maxradio923.com.ar\/index.php\/2023\/11\/27\/con-el-ingreso-de-una-camporista-el-kirchnerismo-busca-avanzar-con-el-dictamen-del-juicio-politico-a-la-corte-suprema\/","title":{"rendered":"Con el ingreso de una camporista, el kirchnerismo busca avanzar con el dictamen del juicio pol\u00edtico a la Corte Suprema"},"content":{"rendered":"<p>Con la <strong>renuncia de dos diputados massistas<\/strong> y la incorporaci\u00f3n ya confirmada de una camporista, el kirchnerismo se prepara para emitir este martes el <strong>dictamen contra los cuatro integrantes de la Corte Suprema<\/strong> en la Comisi\u00f3n de Juicio Pol\u00edtico. El Frente de Todos <strong>no tendr\u00e1 los n\u00fameros para aprobarlo en el recinto<\/strong>, porque en esa instancia se necesitan los dos tercios de los presentes.<\/p>\n<p>Ser\u00e1 la primera actividad en la C\u00e1mara baja luego del triunfo de Javier Milei en el balotaje. Ya como presidente electo<strong> desestim\u00f3 el proceso<\/strong> contra Horacio Rosatti, Carlos Rosenkrantz, Ricardo Lorenzetti y Juan Carlos Maqueda. Tambi\u00e9n ser\u00e1 rechazado por los bloques de Juntos por el Cambio, aunque podr\u00edan votar divididos porque <strong>la Coalici\u00f3n C\u00edvica avalar\u00eda el juicio pol\u00edtico a Lorenzetti.<\/strong><\/p>\n<p>Por orden de Sergio Massa, el oficialismo hab\u00eda postergado la firma del dictamen para despu\u00e9s de la segunda vuelta. Alberto Fern\u00e1ndez prorrog\u00f3 las sesiones ordinarias para permitir que el despacho pudiera emitirse m\u00e1s all\u00e1 del 20 de noviembre. El tratamiento hab\u00eda arrancado en enero y durante el verano provoc\u00f3 un conflicto con la oposici\u00f3n que paraliz\u00f3 el Congreso.<\/p>\n<p>Massa ten\u00eda dos diputados que le responden en la comisi\u00f3n. Una, Micaela Mor\u00e1n, renunci\u00f3 para no firmar el dictamen.<strong> La reemplazar\u00e1 la camporista santafesina Magal\u00ed Mastaler. <\/strong>Fue una de las que vot\u00f3 en contra del acuerdo con el FMI, en l\u00ednea con M\u00e1ximo Kirchner, lo que en aquel momento gener\u00f3 su renuncia como jefe de bloque.<\/p>\n<p>Ramiro Guti\u00e9rrez, el otro massista que integra la comisi\u00f3n, hasta este lunes se manten\u00eda en ese lugar pero al caer la noche desde el massismo <strong>aseguraron que tambi\u00e9n renunciar\u00e1<\/strong>. El kirchnerismo necesita de la totalidad de los miembros, porque tiene una mayor\u00eda justa: <strong>16 de los 31 integrantes<\/strong>.<\/p>\n<p>Para reunir el qu\u00f3rum para abrir la reuni\u00f3n y para asegurarse el dictamen de mayor\u00eda, con el que avalar\u00e1n el juicio pol\u00edtico por presunto mal desempe\u00f1o, todos deber\u00e1n cerrar filas. La comisi\u00f3n es presidida por la entrerriana Carolina Gaillard y sus principales espadas son <strong>Leopoldo Moreau, Rodolfo Tailhade, Vanesa Siley, Germ\u00e1n Mart\u00ednez, Mara Brawer y Eduardo Vald\u00e9s.<\/strong><\/p>\n<p>A trav\u00e9s de Mariano C\u00faneo Libarona, designado ministro de Justicia, Milei descart\u00f3 el impulso y se lo transmiti\u00f3 a los miembros de la Corte.<strong> \u201cHa sido para da\u00f1arlos p\u00fablicamente, es infame. Esto tiene que terminar<\/strong>\u201d, asegur\u00f3 C\u00faneo Libarona luego de reunirse con los jueces del m\u00e1ximo tribunal.<\/p>\n<p>\u201c<strong>No tiene andamiaje f\u00e1ctico ni jur\u00eddico. <\/strong>Es algo ileg\u00edtimo que tiende a presionar y perturbar la honorabilidad de los jueces sin sustento alguno\u201d, agreg\u00f3 en declaraciones a TN.<\/p>\n<p>Entre las causales que aleg\u00f3 el kirchnerismo figura el fallo del dos por uno que benefici\u00f3 a represores acusados de delitos de lesa humanidad, el de la coparticipaci\u00f3n de la Ciudad, la derogaci\u00f3n de la ley del Consejo de la Magistratura y la administraci\u00f3n de la Obra Social del Poder Judicial, entre otros.<\/p>\n<p>Los diputados del PRO y el radicalismo adelantaron que ir\u00e1n por el rechazo. \u201cAparentemente tendremos el<strong> \u00faltimo cap\u00edtulo de este show <\/strong>que nos ha brindado el kirchnerismo. Est\u00e1 claro que fue todo un montaje para encubrir el incumplimiento del Gobierno respecto de la sentencia de la coparticipaci\u00f3n de la Ciudad y avanzar en la embestida contra la Justicia y en particular contra la Corte\u201d, dijo Pablo Tonelli, integrante de la comisi\u00f3n, a <strong>Clar\u00edn<\/strong>.<\/p>\n<p><strong>\u201cNunca podr\u00e1n aprobarlo en el pleno de la C\u00e1mara, con lo cual lo que habremos logrado este a\u00f1o ha sido perder el tiempo<\/strong>\u201d, cuestion\u00f3 el diputado del PRO. Como el kirchnerismo no llegar\u00e1 a los dos tercios, el macrismo buscar\u00eda <strong>llevar la discusi\u00f3n al recinto para que el dictamen caiga <\/strong>y no quede latente como amenaza a los jueces de la Corte.<\/p>\n<p>Los bloques que integran Juntos por el Cambio, en crisis luego del resultado electoral, suman 15 miembros en la comisi\u00f3n.<\/p>\n<p>El restante es Alejandro Topo Rodr\u00edguez, de Consenso Federal, que prepara su propio dictamen en el que propondr\u00e1 \u201cno hacer lugar\u201d a los pedidos de juicio pol\u00edtico y archivar las actuaciones, aunque<strong> podr\u00eda unificarse el texto con el resto de la oposici\u00f3n<\/strong> en caso de que tengan posibilidades de superar en firmas al Frente de Todos.<\/p>\n<p>\u201cTermina como empez\u00f3: un dispendio de esfuerzo institucional sin destino, derecho a ser rechazado\u201d, asegur\u00f3 Rodr\u00edguez ante la consulta de este diario.<\/p>\n","protected":false},"excerpt":{"rendered":"<p>Con la renuncia de dos diputados massistas y la incorporaci\u00f3n ya confirmada de una camporista, el kirchnerismo se prepara para emitir este martes el dictamen contra los cuatro integrantes de la Corte Suprema en la Comisi\u00f3n de Juicio Pol\u00edtico. El Frente de Todos no tendr\u00e1 los n\u00fameros para aprobarlo en el recinto, porque en esa instancia se necesitan los dos tercios de los presentes.<br \/>\nSer\u00e1 la primera actividad en la C\u00e1mara baja luego del triunfo de Javier Milei en el balotaje. Ya como presidente electo desestim\u00f3 el proceso contra Horacio Rosatti, Carlos Rosenkrantz, Ricardo Lorenzetti y Juan Carlos Maqueda. Tambi\u00e9n ser\u00e1 rechazado por los bloques de Juntos por el Cambio, aunque podr\u00edan votar divididos porque la Coalici\u00f3n C\u00edvica avalar\u00eda el juicio pol\u00edtico a Lorenzetti.<br \/>\nPor orden de Sergio Massa, el oficialismo hab\u00eda postergado la firma del dictamen para despu\u00e9s de la segunda vuelta. Alberto Fern\u00e1ndez prorrog\u00f3 las sesiones ordinarias para permitir que el despacho pudiera emitirse m\u00e1s all\u00e1 d..<\/p>\n","protected":false},"author":2,"featured_media":13799,"comment_status":"","ping_status":"","sticky":false,"template":"","format":"standard","meta":{"footnotes":""},"categories":[7],"tags":[],"_links":{"self":[{"href":"https:\/\/maxradio923.com.ar\/index.php\/wp-json\/wp\/v2\/posts\/13798"}],"collection":[{"href":"https:\/\/maxradio923.com.ar\/index.php\/wp-json\/wp\/v2\/posts"}],"about":[{"href":"https:\/\/maxradio923.com.ar\/index.php\/wp-json\/wp\/v2\/types\/post"}],"author":[{"embeddable":true,"href":"https:\/\/maxradio923.com.ar\/index.php\/wp-json\/wp\/v2\/users\/2"}],"replies":[{"embeddable":true,"href":"https:\/\/maxradio923.com.ar\/index.php\/wp-json\/wp\/v2\/comments?post=13798"}],"version-history":[{"count":0,"href":"https:\/\/maxradio923.com.ar\/index.php\/wp-json\/wp\/v2\/posts\/13798\/revisions"}],"wp:featuredmedia":[{"embeddable":true,"href":"https:\/\/maxradio923.com.ar\/index.php\/wp-json\/wp\/v2\/media\/13799"}],"wp:attachment":[{"href":"https:\/\/maxradio923.com.ar\/index.php\/wp-json\/wp\/v2\/media?parent=13798"}],"wp:term":[{"taxonomy":"category","embeddable":true,"href":"https:\/\/maxradio923.com.ar\/index.php\/wp-json\/wp\/v2\/categories?post=13798"},{"taxonomy":"post_tag","embeddable":true,"href":"https:\/\/maxradio923.com.ar\/index.php\/wp-json\/wp\/v2\/tags?post=13798"}],"curies":[{"name":"wp","href":"https:\/\/api.w.org\/{rel}","templated":true}]}}