{"id":126,"date":"2023-08-19T23:34:00","date_gmt":"2023-08-19T21:34:00","guid":{"rendered":"https:\/\/maxradio923.com\/piratas-informaticos-roban-el-numero-de-telefono-celular-de-2-800-policias-suizos\/"},"modified":"2023-08-19T23:34:00","modified_gmt":"2023-08-19T21:34:00","slug":"piratas-informaticos-roban-el-numero-de-telefono-celular-de-2-800-policias-suizos","status":"publish","type":"post","link":"https:\/\/maxradio923.com.ar\/index.php\/2023\/08\/19\/piratas-informaticos-roban-el-numero-de-telefono-celular-de-2-800-policias-suizos\/","title":{"rendered":"Piratas inform\u00e1ticos roban el n\u00famero de tel\u00e9fono celular de 2.800 polic\u00edas suizos"},"content":{"rendered":"<p><img decoding=\"async\" src=\"https:\/\/diariod3.com\/inicio\/wp-content\/uploads\/2023\/08\/POLICIA-SUIZA.jpeg\"\/>Autoridades de Suiza informaron hoy que piratas inform\u00e1ticos, a\u00fan no identificados, consiguieron el nombre y n\u00famero de tel\u00e9fono celular de 2.800 polic\u00edas de la provincia de Berna, gracias a un error de seguridad de una aplicaci\u00f3n utilizada por todos los miembros de esta fuerza.  \u00abHubo una fuga de datos, con los nombres y los n\u00fameros de tel\u00e9fono de los empleados que tienen un tel\u00e9fono celular. Es decir, afect\u00f3 a todo el mundo\u00bb, precis\u00f3 Flurina Schenk, una vocera de las fuerzas de seguridad, a la televisi\u00f3n p\u00fablica SRF. Seg\u00fan las autoridades, hasta el momento no parec\u00eda que los datos hayan sido difundidos en internet, consigno la agencia de noticias AFP  El Centro Nacional para la Ciberseguridad (NCSC) hab\u00eda informado el 21 de julio a la Polic\u00eda de Berna de ese error de seguridad en la aplicaci\u00f3n \u00abMobileIron\u00bb.  Aunque resolvieron r\u00e1pidamente ese problema, los datos ya hab\u00eda sido robados. <\/p>\n<p>\u00abMobileIron\u00bb, utilizada en numerosos pa\u00edses, permite que los empleados de una empresa o administraci\u00f3n p\u00fablica se conecten con sus celulares a los servidores internos.<\/p>\n<p>La Polic\u00eda, que reconoci\u00f3 desconocer la identidad de los piratas inform\u00e1ticos, inici\u00f3 una investigaci\u00f3n penal sobre el caso.<\/p>\n<p>Por: Rodo Galdeano<br \/>Fuente: \u00c1mbito<\/p>\n<p>La entrada Piratas inform\u00e1ticos roban el n\u00famero de tel\u00e9fono celular de 2.800 polic\u00edas suizos se public\u00f3 primero en DIARIO D3 NOTICIAS.<\/p>\n","protected":false},"excerpt":{"rendered":"<p>Autoridades de Suiza informaron hoy que piratas inform\u00e1ticos, a\u00fan no identificados, consiguieron el nombre y n\u00famero de tel\u00e9fono celular de 2.800 polic\u00edas de la provincia de Berna, gracias a un error de seguridad de una aplicaci\u00f3n utilizada por todos los miembros de esta fuerza. \u00abHubo una fuga de datos, con los nombres y los n\u00fameros [&hellip;]<\/p>\n","protected":false},"author":1,"featured_media":0,"comment_status":"closed","ping_status":"open","sticky":false,"template":"","format":"standard","meta":{"footnotes":""},"categories":[3],"tags":[],"_links":{"self":[{"href":"https:\/\/maxradio923.com.ar\/index.php\/wp-json\/wp\/v2\/posts\/126"}],"collection":[{"href":"https:\/\/maxradio923.com.ar\/index.php\/wp-json\/wp\/v2\/posts"}],"about":[{"href":"https:\/\/maxradio923.com.ar\/index.php\/wp-json\/wp\/v2\/types\/post"}],"author":[{"embeddable":true,"href":"https:\/\/maxradio923.com.ar\/index.php\/wp-json\/wp\/v2\/users\/1"}],"replies":[{"embeddable":true,"href":"https:\/\/maxradio923.com.ar\/index.php\/wp-json\/wp\/v2\/comments?post=126"}],"version-history":[{"count":0,"href":"https:\/\/maxradio923.com.ar\/index.php\/wp-json\/wp\/v2\/posts\/126\/revisions"}],"wp:attachment":[{"href":"https:\/\/maxradio923.com.ar\/index.php\/wp-json\/wp\/v2\/media?parent=126"}],"wp:term":[{"taxonomy":"category","embeddable":true,"href":"https:\/\/maxradio923.com.ar\/index.php\/wp-json\/wp\/v2\/categories?post=126"},{"taxonomy":"post_tag","embeddable":true,"href":"https:\/\/maxradio923.com.ar\/index.php\/wp-json\/wp\/v2\/tags?post=126"}],"curies":[{"name":"wp","href":"https:\/\/api.w.org\/{rel}","templated":true}]}}