{"id":1259,"date":"2023-09-01T01:54:56","date_gmt":"2023-08-31T23:54:56","guid":{"rendered":"https:\/\/maxradio923.com\/index.php\/2023\/09\/01\/anibal-fernandez-brego-por-la-unidad-para-enfrentar-a-dos-lideres-de-la-peor-derecha\/"},"modified":"2023-09-01T03:55:04","modified_gmt":"2023-09-01T01:55:04","slug":"anibal-fernandez-brego-por-la-unidad-para-enfrentar-a-dos-lideres-de-la-peor-derecha","status":"publish","type":"post","link":"https:\/\/maxradio923.com.ar\/index.php\/2023\/09\/01\/anibal-fernandez-brego-por-la-unidad-para-enfrentar-a-dos-lideres-de-la-peor-derecha\/","title":{"rendered":"An\u00edbal Fern\u00e1ndez Breg\u00f3 Por La Unidad Para Enfrentar A \u00abDos L\u00edderes De La Peor Derecha\u00bb"},"content":{"rendered":"<p><img decoding=\"async\" src=\"https:\/\/diariod3.com\/inicio\/wp-content\/uploads\/2023\/08\/64b5b338877b6_450.jpg\"\/><\/p>\n<p>El interventor del Partido Justicialista de Jujuy, An\u00edbal Fern\u00e1ndez, particip\u00f3 de actos con referentes de Uni\u00f3n por la Patria (UxP) provincial y pidi\u00f3 uni\u00f3n para ganarles a Javier Milei y a Patricia Bullrich.<\/p>\n<p>El interventor del Partido Justicialista de Jujuy, An\u00edbal Fern\u00e1ndez, particip\u00f3 este jueves de actos con referentes de Uni\u00f3n por la Patria (UxP) provincial y llam\u00f3 a conseguir la unidad del peronismo para enfrentar a \u00abdos l\u00edderes de la peor derecha\u00bb en referencia a los candidatos presidenciables de La Libertad Avanza (LLA), Javier Milei; y Patricia Bullrich, de Juntos por el Cambio (JxC).<\/p>\n<p>Tras las elecciones PASO que dio por ganadora en la interna de UXP en Jujuy a la lista que lidera la actual diputada nacional Carolina Mois\u00e9s, dijo que ese espacio \u00abtiene el acompa\u00f1amiento del PJ intervenido\u00bb y se mostr\u00f3 confiado de conseguir el apoyo de otros espacios peronistas de cara a octubre.<\/p>\n<p>\u00abNos encontramos en una disyuntiva complicada. En las otras boletas hay dos l\u00edderes de la peor derecha que pretenden poner en riesgo todo lo que les corresponde a los argentinos, y apuestan a ajustes que solo se resuelve con represi\u00f3n\u00bb, analiz\u00f3 el actual ministro de Seguridad.<\/p>\n<p>Fern\u00e1ndez habl\u00f3 en el marco de un acto proselitista del que particip\u00f3 en la ciudad juje\u00f1a de San Pedro, una de las actividades que viene desarrollando en su rol como interventor del espacio pol\u00edtico justicialista.<\/p>\n<p>El ministro de Seguridad de Naci\u00f3n sostuvo que \u00abun pa\u00eds productivo es el que va a salvar a un pa\u00eds que tanto necesita desarrollo para su gente y sus hijos y que creemos que estamos haciendo en camino correcto\u00bb.<\/p>\n<p>En relaci\u00f3n a la situaci\u00f3n del Justicialismo en la provincia de Jujuy tras las PASO, dijo que \u00abse busca que la discusi\u00f3n de fondo que es conseguir una nueva presidencia de un peronista como lo es Sergio Massa, acompa\u00f1ado de los compa\u00f1eros juje\u00f1os en ambas c\u00e1maras\u00bb.<\/p>\n<p>Por su parte, Mois\u00e9s, candidata a senadora nacional de UxP, se\u00f1al\u00f3 que An\u00edbal Fern\u00e1ndez ayuda en Jujuy a \u00abconstruir la unidad del campo nacional y popular convocando a todos los compa\u00f1eros y compa\u00f1eras\u00bb.<\/p>\n<p>\u00abEs la hora de defender las conquistas, pero tambi\u00e9n de pensar en un futuro sobre el cual la integridad nacional est\u00e1 en riesgo y est\u00e1 en juego, complet\u00f3 la legisladora que hizo de anfitriona en la ciudad de San Pedro.<\/p>\n<p>La agenda del interventor del PJ juje\u00f1o continuaba con reuniones en la ciudad de Libertador General San Mart\u00edn, adem\u00e1s de dialogar con diversos sindicatos de trabajadores de la provincia entre otros sectores.<\/p>\n<p>Finalmente llamaron a votar al espacio UxP porque es \u00abel \u00fanico esquema pol\u00edtico que refiere el respeto por los trabajadores, porque respeta a los adultos mayores a las infancias, la educaci\u00f3n y productividad con un pensamiento de desarrollo estrat\u00e9gico\u00bb.<\/p>\n<p>Fuente: T\u00c9LAM<\/p>\n<p>Por: Graciela Herrera<\/p>\n<p>La entrada <a href=\"https:\/\/diariod3.com\/inicio\/anibal-fernandez-brego-por-la-unidad-para-enfrentar-a-dos-lideres-de-la-peor-derecha\/\" rel=\"noreferrer noopener\" target=\"_blank\">An\u00edbal Fern\u00e1ndez Breg\u00f3 Por La Unidad Para Enfrentar A \u00abDos L\u00edderes De La Peor Derecha\u00bb<\/a> se public\u00f3 primero en <a href=\"https:\/\/diariod3.com\/inicio\" rel=\"noreferrer noopener\" target=\"_blank\">DIARIO D3 NOTICIAS<\/a>.<\/p>\n","protected":false},"excerpt":{"rendered":"<p>El interventor del Partido Justicialista de Jujuy, An\u00edbal Fern\u00e1ndez, particip\u00f3 de actos con referentes de Uni\u00f3n por la Patria (UxP) provincial y pidi\u00f3 uni\u00f3n para ganarles a Javier Milei y a Patricia Bullrich. El interventor del Partido Justicialista de Jujuy, An\u00edbal Fern\u00e1ndez, particip\u00f3 este jueves de actos con referentes de Uni\u00f3n por la Patria (UxP) [&hellip;]<\/p>\n","protected":false},"author":2,"featured_media":1284,"comment_status":"closed","ping_status":"","sticky":false,"template":"","format":"standard","meta":{"footnotes":""},"categories":[12],"tags":[],"_links":{"self":[{"href":"https:\/\/maxradio923.com.ar\/index.php\/wp-json\/wp\/v2\/posts\/1259"}],"collection":[{"href":"https:\/\/maxradio923.com.ar\/index.php\/wp-json\/wp\/v2\/posts"}],"about":[{"href":"https:\/\/maxradio923.com.ar\/index.php\/wp-json\/wp\/v2\/types\/post"}],"author":[{"embeddable":true,"href":"https:\/\/maxradio923.com.ar\/index.php\/wp-json\/wp\/v2\/users\/2"}],"replies":[{"embeddable":true,"href":"https:\/\/maxradio923.com.ar\/index.php\/wp-json\/wp\/v2\/comments?post=1259"}],"version-history":[{"count":0,"href":"https:\/\/maxradio923.com.ar\/index.php\/wp-json\/wp\/v2\/posts\/1259\/revisions"}],"wp:featuredmedia":[{"embeddable":true,"href":"https:\/\/maxradio923.com.ar\/index.php\/wp-json\/wp\/v2\/media\/1284"}],"wp:attachment":[{"href":"https:\/\/maxradio923.com.ar\/index.php\/wp-json\/wp\/v2\/media?parent=1259"}],"wp:term":[{"taxonomy":"category","embeddable":true,"href":"https:\/\/maxradio923.com.ar\/index.php\/wp-json\/wp\/v2\/categories?post=1259"},{"taxonomy":"post_tag","embeddable":true,"href":"https:\/\/maxradio923.com.ar\/index.php\/wp-json\/wp\/v2\/tags?post=1259"}],"curies":[{"name":"wp","href":"https:\/\/api.w.org\/{rel}","templated":true}]}}