{"id":1257,"date":"2023-09-01T01:54:55","date_gmt":"2023-08-31T23:54:55","guid":{"rendered":"https:\/\/maxradio923.com\/index.php\/2023\/09\/01\/sergio-massa-habra-hasta-previaje-10-si-en-octubre-y-noviembre-los-argentinos-nos-dan-la-oportunidad\/"},"modified":"2023-09-01T12:17:54","modified_gmt":"2023-09-01T10:17:54","slug":"sergio-massa-habra-hasta-previaje-10-si-en-octubre-y-noviembre-los-argentinos-nos-dan-la-oportunidad","status":"publish","type":"post","link":"https:\/\/maxradio923.com.ar\/index.php\/2023\/09\/01\/sergio-massa-habra-hasta-previaje-10-si-en-octubre-y-noviembre-los-argentinos-nos-dan-la-oportunidad\/","title":{"rendered":"Sergio Massa: \u00abHabr\u00e1 hasta Previaje 10 si en octubre y noviembre los argentinos nos dan la oportunidad\u00bb"},"content":{"rendered":"<p><img decoding=\"async\" src=\"https:\/\/diariod3.com\/inicio\/wp-content\/uploads\/2023\/08\/sergio-massa-matias-lammens-bordet-parana-previaje.jpeg\"\/><\/p>\n<p>El ministro de Econom\u00eda y candidato presidencial particip\u00f3 de la presentaci\u00f3n de Previaje 5 y apunt\u00f3 contra aquellos que \u00abdicen que esto es un gasto\u00bb.<\/p>\n<p>El ministro de Econom\u00eda Sergio Massa particip\u00f3 de la presentaci\u00f3n del PreViaje 5 donde asegur\u00f3 que esta edici\u00f3n \u00abes parte de un camino\u00bb y que la intenci\u00f3n es que el programa se extienda, de continuar el oficialismo en el gobierno tras las Elecciones 2023. \u00abVa a haber Previaje 6, 7, 8, 9 y 10 si nosotros seguimos adelante y si en octubre y noviembre los argentinos nos dan la oportunidad\u00bb, expres\u00f3 el candidato presidencial.<\/p>\n<p>En ese sentido, Massa, apunt\u00f3 a los candidatos de la oposici\u00f3n que sostienen que Aerol\u00edneas Argentinas, el Instituto Nacional de Promoci\u00f3n Tur\u00edstica (Inprotur) y el Programa Previaje son \u00abun gasto\u00bb. El ministro destac\u00f3 el rol de la empresa Aerol\u00edneas Argentinas en el desarrollo del turismo interno en todas las regiones del pa\u00eds, y anunci\u00f3 que se incorporar\u00e1n a la empresa 12 nuevos aviones Embraer a su flota.<\/p>\n<p>\u00abEstamos en un momento especial del pa\u00eds donde estas cosas que tenemos se ponen en juego\u00bb, analiz\u00f3 el candidato y e invit\u00f3 a que los argentinos \u00abdefiendan no un proyecto pol\u00edtico, sino un proyecto industrial, porque el Turismo es una industria sin chimenea que nos genera casi 650 mil empleos, m\u00e1s de mil millones de dolares por mes de ingresos de divisas, niveles de inversi\u00f3n muy importantes y que ademas nos permite mostrarle a todo el mundo lo que es nuestro pa\u00eds\u00bb.<\/p>\n<p>Massa tambi\u00e9n respondi\u00f3 a los que \u00abdicen que somos una sociedad fracasada o un pa\u00eds de mierda\u00bb y contrapuso: \u00abCu\u00e1ndo uno recorre los rincones de la Argentina, ve el talento de los que trabajan en el sector, ve la capacidad de inversi\u00f3n y la creatividad de los empresarios y ve la genialidad de llevar adelante un politica p\u00fablica en medio de la crisis, permitiendo que 7 millones de argentinos viajen por adentro del pais, uno se da cuenta que tenemos con que salir de la crisis\u00bb.<\/p>\n<p>Massa, Lammens y Bordet lanzaron PreViaje 5.<\/p>\n<p>El ministro de Econom\u00eda de la Naci\u00f3n, Sergio Massa; su par de Turismo y Deportes, Mat\u00edas Lammens, y el gobernador de la provincia de Entre R\u00edos, Gustavo Bordet, lanzaron la quinta edici\u00f3n del programa PreViaje desde la ciudad de Paran\u00e1. En esta nueva ocasi\u00f3n, el beneficio ser\u00e1 para viajes entre el 29 de septiembre y el 17 de octubre de 2023. De esta manera, se impulsa la demanda para el \u00faltimo fin de semana extralargo del a\u00f1o (del 13 al 16\/10, por el D\u00eda del Respeto a la Diversidad Cultural).<\/p>\n<p>\u201cLos argentinos tenemos r\u00edo, monta\u00f1a, playa, valles, tenemos nieve y mar; tenemos con qu\u00e9 promover esta maravillosa industria sin chimenea que es el turismo. Hay 648 mil argentinos y argentinas trabajando en un sector que viene creciendo sistem\u00e1ticamente desde la salida de la pandemia y no solamente genera empleo y mueve el mercado interno, sino que adem\u00e1s es una maravillosa f\u00e1brica de d\u00f3lares por la suma que representa belleza natural, inversi\u00f3n de nuestros empresarios, trabajo calificado de nuestra gente e inversi\u00f3n del Estado. El PreViaje es la decisi\u00f3n del Estado de invertir en una pol\u00edtica para promover una actividad econ\u00f3mica vital\u201d, asegur\u00f3 Massa desde el Centro Provincial de Convenciones.<\/p>\n<p>\u00abPreViaje es la pol\u00edtica p\u00fablica m\u00e1s importante de la historia del turismo. Nos genera un orgullo enorme porque atraves\u00f3 la grieta, lo reconocen dirigentes de todos los sectores y las m\u00e1s de siete millones de personas que lo usaron. En el peor momento de la historia del sector, construimos una alianza inquebrantable donde cada uno entendi\u00f3 lo que ten\u00eda que hacer: el Estado gener\u00f3 est\u00edmulos y as\u00ed el sector privado pudo invertir\u00bb, agreg\u00f3 Lammens y Bordet finaliz\u00f3: \u00abAnunciar PreViaje en nuestra provincia representa una consolidaci\u00f3n de las pol\u00edticas p\u00fablicas de turismo que tenemos en Entre R\u00edos. Hoy los niveles de afluencia tur\u00edstica superan largamente los niveles de 2019. Y esto es fruto de un gran trabajo mancomunado\u00bb.<\/p>\n<p>Cu\u00e1les son los Beneficios de Previaje 5<\/p>\n<p>Al igual que en las anteriores ediciones, se devolver\u00e1 el 50% de los gastos en cr\u00e9dito para usar en toda la cadena tur\u00edstica del pa\u00eds a quienes compren anticipadamente su escapada. El reintegro ser\u00e1 del 70% para personas afiliadas de PAMI. Las compras anticipadas deber\u00e1n realizarse entre el 1 y el 7 de septiembre o hasta que se consuma el presupuesto destinado a PreViaje 5. Los comprobantes se podr\u00e1n cargar hasta el 8 de septiembre en www.previaje.gob.ar. El tope de devoluci\u00f3n ascender\u00e1 a $100.000 por persona.<\/p>\n<p>La tarjeta de PreViaje se podr\u00e1 utilizar tanto en servicios tur\u00edsticos (agencias de viajes y excursiones, alojamientos, alquiler de autos y equipamiento, gastronom\u00eda, transporte a\u00e9reo de cabotaje, terrestre de larga distancia y tur\u00edstico) como en consumos culturales (artesan\u00edas, cine, galer\u00edas, museos, productos regionales, recitales y teatros) de todo el pa\u00eds hasta el 31 de octubre de 2023.<\/p>\n<p>Los prestadores tur\u00edsticos que participaron de PreViaje 4 no deber\u00e1n volver a inscribirse en esta edici\u00f3n. Tampoco es necesario que los locales del sector est\u00e9n registrados en PreViaje para recibir pagos con la tarjeta.<\/p>\n<p>Fuente: \u00c1MBITO<\/p>\n<p>Por: Graciela Herrera<\/p>\n<p>La entrada <a href=\"https:\/\/diariod3.com\/inicio\/sergio-massa-habra-hasta-previaje-10-si-en-octubre-y-noviembre-los-argentinos-nos-dan-la-oportunidad\/\" rel=\"noreferrer noopener\" target=\"_blank\">Sergio Massa: \u00abHabr\u00e1 hasta Previaje 10 si en octubre y noviembre los argentinos nos dan la oportunidad\u00bb<\/a> se public\u00f3 primero en <a href=\"https:\/\/diariod3.com\/inicio\" rel=\"noreferrer noopener\" target=\"_blank\">DIARIO D3 NOTICIAS<\/a>.<\/p>\n","protected":false},"excerpt":{"rendered":"<p>El ministro de Econom\u00eda y candidato presidencial particip\u00f3 de la presentaci\u00f3n de Previaje 5 y apunt\u00f3 contra aquellos que \u00abdicen que esto es un gasto\u00bb. El ministro de Econom\u00eda Sergio Massa particip\u00f3 de la presentaci\u00f3n del PreViaje 5 donde asegur\u00f3 que esta edici\u00f3n \u00abes parte de un camino\u00bb y que la intenci\u00f3n es que el [&hellip;]<\/p>\n","protected":false},"author":2,"featured_media":1327,"comment_status":"closed","ping_status":"","sticky":false,"template":"","format":"standard","meta":{"footnotes":""},"categories":[12],"tags":[],"_links":{"self":[{"href":"https:\/\/maxradio923.com.ar\/index.php\/wp-json\/wp\/v2\/posts\/1257"}],"collection":[{"href":"https:\/\/maxradio923.com.ar\/index.php\/wp-json\/wp\/v2\/posts"}],"about":[{"href":"https:\/\/maxradio923.com.ar\/index.php\/wp-json\/wp\/v2\/types\/post"}],"author":[{"embeddable":true,"href":"https:\/\/maxradio923.com.ar\/index.php\/wp-json\/wp\/v2\/users\/2"}],"replies":[{"embeddable":true,"href":"https:\/\/maxradio923.com.ar\/index.php\/wp-json\/wp\/v2\/comments?post=1257"}],"version-history":[{"count":0,"href":"https:\/\/maxradio923.com.ar\/index.php\/wp-json\/wp\/v2\/posts\/1257\/revisions"}],"wp:featuredmedia":[{"embeddable":true,"href":"https:\/\/maxradio923.com.ar\/index.php\/wp-json\/wp\/v2\/media\/1327"}],"wp:attachment":[{"href":"https:\/\/maxradio923.com.ar\/index.php\/wp-json\/wp\/v2\/media?parent=1257"}],"wp:term":[{"taxonomy":"category","embeddable":true,"href":"https:\/\/maxradio923.com.ar\/index.php\/wp-json\/wp\/v2\/categories?post=1257"},{"taxonomy":"post_tag","embeddable":true,"href":"https:\/\/maxradio923.com.ar\/index.php\/wp-json\/wp\/v2\/tags?post=1257"}],"curies":[{"name":"wp","href":"https:\/\/api.w.org\/{rel}","templated":true}]}}