{"id":1201,"date":"2023-08-31T17:34:25","date_gmt":"2023-08-31T15:34:25","guid":{"rendered":"https:\/\/maxradio923.com\/index.php\/2023\/08\/31\/seis-coros-para-un-festejo\/"},"modified":"2023-08-31T17:34:25","modified_gmt":"2023-08-31T15:34:25","slug":"seis-coros-para-un-festejo","status":"publish","type":"post","link":"https:\/\/maxradio923.com.ar\/index.php\/2023\/08\/31\/seis-coros-para-un-festejo\/","title":{"rendered":"Seis coros para un festejo"},"content":{"rendered":"<p><img decoding=\"async\" src=\"https:\/\/diariod3.com\/inicio\/wp-content\/uploads\/2023\/08\/coros_crop1693436227016.jpg_1536916664.webp\"\/><\/p>\n<figure>\n<figure><img decoding=\"async\" src=\"https:\/\/www.diariodecuyo.com.ar\/__export\/1693436228173\/sites\/diariodecuyo\/img\/2023\/08\/30\/coros_crop1693436227016.jpg_1536916664.jpg\" alt=\"Seis coros para un festejo - Auditorio Juan Victoria\"\/><\/figure>\n<\/figure>\n<p>En el marco de la celebraci\u00f3n por los 50 a\u00f1os de la UNSJ, hoy el Auditorio Juan Victoria recibir\u00e1 a los seis coros pertenecientes a esta casa de estudios, que brindar\u00e1n un concierto especial organizado por el Centro de Creaci\u00f3n Art\u00edstica Coral Juan A. Petracchini.<\/p>\n<p>Los tres coros de ni\u00f1os est\u00e1n bajo la batuta de Jorge Fuentes. Los Jilgueritos cantar\u00e1n, de 333 ejercicios de lectura pentat\u00f3nicos (Kod\u00e1ly), los n\u00fameros 222 y 224; Quodlibet de canciones tradicionales, con textos de Mariana Pechu\u00e1n; y Cumbias tradicionales colombianas. El Preparatorio pondr\u00e1 en escena fragmentos de Bicinia Hung\u00e1rica Vol 1 (Kod\u00e1ly), C\u00e1nones tradicionales con textos de Luciana Escudero; y Las nubes en el cielo \/Canci\u00f3n de la barca, Vamos a la mar. Y el Coro de ni\u00f1os y j\u00f3venes entonar\u00e1 The Wellerman. Trad. Nueva Zelanda, Mujeres chismosas (Ligeti) y La gran ronda (Escalada).<\/p>\n<p>El Coro Vocacional, dirigido por Jos\u00e9 D. Petracchini, interpretar\u00e1 Exultate Deo (Scarlatti), Los paraguas de Cherburgo (Legrand) y Supercalifragil\u00edsticoespialidoso (Sherman), con Abel Ruiz en piano.<\/p>\n<p>Por su parte, el Coro Pre Universitario que comanda A\u00edda Del Cid har\u00e1 Ca\u00f1a dulce (Zeled\u00f3n), El borrachito (Acosta Villafa\u00f1e) y Guantanamera \/ Bamba (Nocito).<\/p>\n<p>Y el Coro Universitario, con direcci\u00f3n de Jorge Romero, entonar\u00e1 Te lucis ante terminum (Gy\u00f6ngy\u00f6si), Sure on this shining night (Lauridsen) con Daniela Monta\u00f1o al piano; y Mudanzas (Escalada).<\/p>\n<p>La cita es hoy a las 21 hs en el Auditorio Juan Victoria, con bono solidario de 500 pesos.<\/p>\n<p>La entrada <a href=\"https:\/\/diariod3.com\/inicio\/seis-coros-para-un-festejo\/\" rel=\"noreferrer noopener\" target=\"_blank\">Seis coros para un festejo<\/a> se public\u00f3 primero en <a href=\"https:\/\/diariod3.com\/inicio\" rel=\"noreferrer noopener\" target=\"_blank\">DIARIO D3 NOTICIAS<\/a>.<\/p>\n","protected":false},"excerpt":{"rendered":"<p>En el marco de la celebraci\u00f3n por los 50 a\u00f1os de la UNSJ, hoy el Auditorio Juan Victoria recibir\u00e1 a los seis coros pertenecientes a esta casa de estudios, que brindar\u00e1n un concierto especial organizado por el Centro de Creaci\u00f3n Art\u00edstica Coral Juan A. Petracchini. Los tres coros de ni\u00f1os est\u00e1n bajo la batuta de [&hellip;]<\/p>\n","protected":false},"author":1,"featured_media":0,"comment_status":"","ping_status":"","sticky":false,"template":"","format":"standard","meta":{"footnotes":""},"categories":[10],"tags":[],"_links":{"self":[{"href":"https:\/\/maxradio923.com.ar\/index.php\/wp-json\/wp\/v2\/posts\/1201"}],"collection":[{"href":"https:\/\/maxradio923.com.ar\/index.php\/wp-json\/wp\/v2\/posts"}],"about":[{"href":"https:\/\/maxradio923.com.ar\/index.php\/wp-json\/wp\/v2\/types\/post"}],"author":[{"embeddable":true,"href":"https:\/\/maxradio923.com.ar\/index.php\/wp-json\/wp\/v2\/users\/1"}],"replies":[{"embeddable":true,"href":"https:\/\/maxradio923.com.ar\/index.php\/wp-json\/wp\/v2\/comments?post=1201"}],"version-history":[{"count":0,"href":"https:\/\/maxradio923.com.ar\/index.php\/wp-json\/wp\/v2\/posts\/1201\/revisions"}],"wp:attachment":[{"href":"https:\/\/maxradio923.com.ar\/index.php\/wp-json\/wp\/v2\/media?parent=1201"}],"wp:term":[{"taxonomy":"category","embeddable":true,"href":"https:\/\/maxradio923.com.ar\/index.php\/wp-json\/wp\/v2\/categories?post=1201"},{"taxonomy":"post_tag","embeddable":true,"href":"https:\/\/maxradio923.com.ar\/index.php\/wp-json\/wp\/v2\/tags?post=1201"}],"curies":[{"name":"wp","href":"https:\/\/api.w.org\/{rel}","templated":true}]}}