{"id":11976,"date":"2023-11-14T17:45:39","date_gmt":"2023-11-14T20:45:39","guid":{"rendered":"https:\/\/maxradio923.com\/index.php\/2023\/11\/14\/esteban-bullrich-ratifico-que-votara-a-javier-milei-en-el-balotaje-y-critico-al-kirchnerismo-no-tengo-mierda-en-la-cabeza\/"},"modified":"2023-11-14T17:45:39","modified_gmt":"2023-11-14T20:45:39","slug":"esteban-bullrich-ratifico-que-votara-a-javier-milei-en-el-balotaje-y-critico-al-kirchnerismo-no-tengo-mierda-en-la-cabeza","status":"publish","type":"post","link":"https:\/\/maxradio923.com.ar\/index.php\/2023\/11\/14\/esteban-bullrich-ratifico-que-votara-a-javier-milei-en-el-balotaje-y-critico-al-kirchnerismo-no-tengo-mierda-en-la-cabeza\/","title":{"rendered":"Esteban Bullrich ratific\u00f3 que votar\u00e1 a Javier Milei en el balotaje y critic\u00f3 al kirchnerismo: &#8220;No tengo mierda en la cabeza&#8221;"},"content":{"rendered":"<p>Esteban Bullrich ratific\u00f3 que votar\u00e1 a Javier Milei en el balotaje y critic\u00f3 al kirchnerismo: &quot;No tengo mierda en la cabeza&quot;<\/p>\n<p>Esteban Bullrich <strong>ratific\u00f3 este martes que votar\u00e1 a Javier Milei<\/strong> en el balotaje del pr\u00f3ximo domingo 19 de noviembre y apunt\u00f3 al candidato y ministro de Econom\u00eda, Sergio Massa.<\/p>\n<p>\u201cVoy a votar por un cambio no porque sea antidemocr\u00e1tico, como quieren instalar los que est\u00e1n asustados de perder sus privilegios. <strong>Massa es la peor opci\u00f3n<\/strong>\u201d, dijo el exsenador que padece Esclerosis Lateral Amiotr\u00f3fica (ELA).<\/p>\n<p>En un mensaje difundido a trav\u00e9s de redes sociales, ayudado por la inteligencia artificial para poder transmitir su palabra, <strong>respondi\u00f3 a los cuestionamientos en su contra<\/strong> por haber manifestado su postura a favor del candidato de La Libertad Avanza..<\/p>\n<p>\u201cHace unos d\u00edas dije p\u00fablicamente que me inclinaba por Javier Milei para el balotaje. Inmediatamente surgieron voces que analizaban mi preferencia dando una explicaci\u00f3n falsa y simplificada, intentando reducir mi postura al antikirchnerismo. Es apropiada una aclaraci\u00f3n:<strong> nunca me gust\u00f3 la personificaci\u00f3n de una facci\u00f3n pol\u00edtica por el l\u00edder de la misma<\/strong>. Somos el \u00fanico pa\u00eds que tiene esta enfermedad de kirchneristas, macristas y cristinistas. Es m\u00e1s f\u00e1cil debatir personas que ideas. Adem\u00e1s de las ideas, son importantes las formas\u201d, sostiene.<\/p>\n<p>Bullrich tambi\u00e9n remarc\u00f3 su <strong>disgusto con la &quot;intolerancia&quot;<\/strong> que caracteriz\u00f3 los gobiernos de N\u00e9stor y Cristina Kirchner y la corrupci\u00f3n.<\/p>\n<p><img decoding=\"async\" alt=\"Bullrich votando en Jun\u00edn durante la primera vuelta presidencial. \" src=\"https:\/\/www.clarin.com\/img\/2023\/10\/22\/XVaPM-nxe_720x0__1.jpg\"\/>Bullrich votando en Jun\u00edn durante la primera vuelta presidencial. <\/p>\n<p>&quot;Una imagen que resume esta intolerancia es la famosa competencia de escupitajos con los periodistas cr\u00edticos del Gobierno. Tampoco me gusta el <strong>sistema de corrupci\u00f3n pornogr\u00e1fica<\/strong> que se inici\u00f3 con el gobierno de N\u00e9stor y continu\u00f3 con el de Cristina. Un sistema que estudi\u00e9 y despu\u00e9s denunci\u00e9 y que comenz\u00f3 cuando N\u00e9stor era gobernador. Todos tenemos im\u00e1genes de esa pornograf\u00eda: la Rosadita, el exfuncionario haciendo un dep\u00f3sito en un convento y, la m\u00e1s reciente, el yate en Marbella\u201d, detall\u00f3.<\/p>\n<p>Al tiempo que marc\u00f3 las <strong>&quot;diferencias de alineamiento regional y global&quot;<\/strong>. &quot;Condeno la dictadura de Maduro, el rol de Ir\u00e1n financiando grupos terroristas y el ataque terrorista a Israel. Nunca hubiese firmado el pacto con Ir\u00e1n. En esta lista incompleta me parece muy lamentable la pol\u00edtica de generar necesidad en la gente a trav\u00e9s de pol\u00edticas horadas y despu\u00e9s cubrirlas con alg\u00fan subsidio, generando la dependencia del Estado\u201d, agreg\u00f3.<\/p>\n<p>En su mensaje, el ex legislador nacional destac\u00f3 las &quot;diferencias profundas&quot; que tiene con el candidato del oficialismo y su p\u00e9sima gesti\u00f3n al frente del Ministerio de Econom\u00eda.<\/p>\n<p>&quot;Tambi\u00e9n me parece relevante que su palabra no tiene ning\u00fan valor. Son p\u00fablicas sus innumerables contradicciones y cambios de opini\u00f3n y me parece que <strong>lo m\u00ednimo que le tengo que exigir a mi presidente es que tenga palabra, y Massa no la tiene<\/strong>\u201d, se\u00f1al\u00f3.<\/p>\n<p>Bullrich, quien tambi\u00e9n fue ministro de Educaci\u00f3n durante el gobierno de Cambiemos, difundi\u00f3 su mensaje a d\u00edas de la segunda vuelta entre Milei y Massa, que definir\u00e1 qui\u00e9n ser\u00e1 el pr\u00f3ximo presidente de la Argentina.<\/p>\n<p>\u201cDado que no tiene ning\u00fan l\u00edmite en su objetivo de llegar a la Presidencia, no solo porque ha generado la destrucci\u00f3n de nuestra moneda con su plan platita, en el que se fueron 3 puntos del PBI aumentando la presi\u00f3n inflacionaria. Adem\u00e1s, ha violado repetidamente la ley, y la viola camino a la presidencia. No tengo ninguna raz\u00f3n para creer que no lo va a hacer cuando llegue. Lo m\u00ednimo que le debo exigir al presidente es que cumpla la Constituci\u00f3n y las leyes\u201d, resalt\u00f3.<\/p>\n<p>Finalmente, concluy\u00f3 con su apoyo al candidato libertario. \u201cPor eso voy a votar por quien es la alternativa a todas estas malas pr\u00e1cticas de la pol\u00edtica argentina. Y aunque no sea mi primera opci\u00f3n, voy a votar por un cambio. <strong>No porque tenga mierda en la cabeza, como dijo alguno por ah\u00ed<\/strong>, no porque sea antidemocr\u00e1tico, como quieren instalar los que est\u00e1n asustados de perder sus privilegios. Simplemente ocurre que hay dos opciones y estoy convencido de que Massa es la peor opci\u00f3n el pr\u00f3ximo 19. Los abrazo con el alma\u201d. sentenci\u00f3.<\/p>\n<p><em>DB<\/em><\/p>\n","protected":false},"excerpt":{"rendered":"<p>Esteban Bullrich ratific\u00f3 que votar\u00e1 a Javier Milei en el balotaje y critic\u00f3 al kirchnerismo: &#8220;No tengo mierda en la cabeza&#8221;Esteban Bullrich ratific\u00f3 este martes que votar\u00e1 a Javier Milei en el balotaje del pr\u00f3ximo domingo 19 de noviembre y apunt\u00f3 al candidato y ministro de Econom\u00eda, Sergio Massa.<br \/>\n\u201cVoy a votar por un cambio no porque sea antidemocr\u00e1tico, como quieren instalar los que est\u00e1n asustados de perder sus privilegios. Massa es la peor opci\u00f3n\u201d, dijo el exsenador que padece Esclerosis Lateral Amiotr\u00f3fica (ELA).<br \/>\nEn un mensaje difundido a trav\u00e9s de redes sociales, ayudado por la inteligencia artificial para poder transmitir su palabra, respondi\u00f3 a los cuestionamientos en su contra por haber manifestado su postura a favor del candidato de La Libertad Avanza..<br \/>\n\u201cHace unos d\u00edas dije p\u00fablicamente que me inclinaba por Javier Milei para el balotaje. Inmediatamente surgieron voces que analizaban mi preferencia dando una explicaci\u00f3n falsa y simplificada, intentando reducir mi postura al ant..<\/p>\n","protected":false},"author":2,"featured_media":11977,"comment_status":"","ping_status":"","sticky":false,"template":"","format":"standard","meta":{"footnotes":""},"categories":[7],"tags":[],"_links":{"self":[{"href":"https:\/\/maxradio923.com.ar\/index.php\/wp-json\/wp\/v2\/posts\/11976"}],"collection":[{"href":"https:\/\/maxradio923.com.ar\/index.php\/wp-json\/wp\/v2\/posts"}],"about":[{"href":"https:\/\/maxradio923.com.ar\/index.php\/wp-json\/wp\/v2\/types\/post"}],"author":[{"embeddable":true,"href":"https:\/\/maxradio923.com.ar\/index.php\/wp-json\/wp\/v2\/users\/2"}],"replies":[{"embeddable":true,"href":"https:\/\/maxradio923.com.ar\/index.php\/wp-json\/wp\/v2\/comments?post=11976"}],"version-history":[{"count":0,"href":"https:\/\/maxradio923.com.ar\/index.php\/wp-json\/wp\/v2\/posts\/11976\/revisions"}],"wp:featuredmedia":[{"embeddable":true,"href":"https:\/\/maxradio923.com.ar\/index.php\/wp-json\/wp\/v2\/media\/11977"}],"wp:attachment":[{"href":"https:\/\/maxradio923.com.ar\/index.php\/wp-json\/wp\/v2\/media?parent=11976"}],"wp:term":[{"taxonomy":"category","embeddable":true,"href":"https:\/\/maxradio923.com.ar\/index.php\/wp-json\/wp\/v2\/categories?post=11976"},{"taxonomy":"post_tag","embeddable":true,"href":"https:\/\/maxradio923.com.ar\/index.php\/wp-json\/wp\/v2\/tags?post=11976"}],"curies":[{"name":"wp","href":"https:\/\/api.w.org\/{rel}","templated":true}]}}