{"id":11974,"date":"2023-11-14T17:45:39","date_gmt":"2023-11-14T20:45:39","guid":{"rendered":"https:\/\/maxradio923.com\/index.php\/2023\/11\/14\/roberto-lavagna-ratifico-que-apoyara-a-sergio-massa-gobernar-es-crear-con-conocimiento-y-coraje-sin-improvisaciones-ni-fantasias\/"},"modified":"2023-11-14T17:45:39","modified_gmt":"2023-11-14T20:45:39","slug":"roberto-lavagna-ratifico-que-apoyara-a-sergio-massa-gobernar-es-crear-con-conocimiento-y-coraje-sin-improvisaciones-ni-fantasias","status":"publish","type":"post","link":"https:\/\/maxradio923.com.ar\/index.php\/2023\/11\/14\/roberto-lavagna-ratifico-que-apoyara-a-sergio-massa-gobernar-es-crear-con-conocimiento-y-coraje-sin-improvisaciones-ni-fantasias\/","title":{"rendered":"Roberto Lavagna ratific\u00f3 que apoyar\u00e1 a Sergio Massa: &#8220;Gobernar es crear con conocimiento y coraje, sin improvisaciones ni fantas\u00edas&#8221;"},"content":{"rendered":"<p>Roberto Lavagna ratific\u00f3 que apoyar\u00e1 a Sergio Massa: &quot;Gobernar es crear con conocimiento y coraje, sin improvisaciones ni fantas\u00edas&quot;<\/p>\n<p>Apenas 10 d\u00edas despu\u00e9s de su cr\u00edtica al kirchnerismo por el juicio pol\u00edtico a la Corte Suprema de Justicia, el ex ministro de Econom\u00eda y ex candidato presidencial en 2019, <strong>Roberto Lavagna adelant\u00f3 que votar\u00e1 a Sergio Massa<\/strong> en el balotaje y desliz\u00f3 cr\u00edticas a <strong>Javier Milei: &quot;<\/strong>Gobernar es crear con conocimiento y coraje, sin improvisaciones ni fantas\u00edas&quot;.<\/p>\n<p>&quot;Como ciudadano he cre\u00eddo y creo que nuestra sociedad necesita, urgente, trabajar en los consensos y buscar gobiernos de unidad nacional para un conjunto de temas claves. Es esencial cerrar la grieta extremista de izquierda y de derecha y juntarse en un centro progresista que atraiga e incorpore a parte de quienes se dejaron ganar por la idea de concebir a la pol\u00edtica como conflicto permanente&quot;, poste\u00f3 el ex ministro en un hilo de la red social &quot;X&quot;.<\/p>\n<p>Luego, destac\u00f3: &quot;Es esencial para construir un futuro normal como el que deseamos. Por eso pienso que es bueno explicitar la opci\u00f3n de voto entre las \u00fanicas dos que la ley habilita. En mi caso, aunque no sea novedad, siguiendo la l\u00ednea de Consenso Federal, votar\u00e9 por Sergio Massa&quot;.<\/p>\n<p>A su vez, el ex candidato presidencial de 2019 por Consenso Federal, tambi\u00e9n dej\u00f3 una fina cr\u00edtica a Cristina Kirchner, que en varias oportunidades se quej\u00f3 en p\u00fablico porque Alberto Fern\u00e1ndez no tom\u00f3 decisiones con la lapicera. &quot;Entre tanto, vale la pena que recordemos algunas cosas que ayudan a avanzar: gobernar no es sentarse en un sill\u00f3n y blandir la lapicera como si fuera un instrumento cortante&quot;, afirm\u00f3 Lavanga.<\/p>\n<p>Y despu\u00e9s, hizo una enumeraci\u00f3n de lo que considera que es gobernar: &quot;Gobernar no es creer que todo empieza de cero como si la sociedad fuera masilla a la que uno le da la forma que quiere las veces que se le ocurre; gobernar no es tampoco creerse puro, limpio e iluminado por un saber indiscutible&quot;.<\/p>\n<p>En la misma l\u00ednea, continu\u00f3: &quot;Gobernar es ser prudentemente decidido. Cuidadoso de la compleja y fr\u00e1gil trama social preexistente; Gobernar es cambiar aquello que no funciona, que no cumple con las aspiraciones de la sociedad, juntando la mayor cantidad de voluntades posibles; gobernar es saber qu\u00e9, c\u00f3mo y cu\u00e1ndo crear nuevas y mejores realidades sin un ir y venir constante, donde lo que queremos y decimos hoy es diferente de ayer, de antes de ayer y de ma\u00f1ana&quot;. <\/p>\n<blockquote>\n<p>3<br \/>Es esencial para construir un futuro normal como el que deseamos. Por eso pienso que es bueno explicitar la opci\u00f3n de voto entre las \u00fanicas dos que la ley habilita. <br \/>En mi caso, aunque no sea novedad, siguiendo la l\u00ednea de CONSENSO FEDERAL,  votar\u00e9 por SERGIO MASSA.<\/p>\n<p>\u2014 Roberto Lavagna (@RLavagna) November 14, 2023<\/p><\/blockquote>\n<p>Y concluy\u00f3: &quot;Y finalmente, gobernar y hacerlo bien, es un trabajo complejo y abnegado. Gobernar es crear con conocimiento y coraje, sin improvisaciones ni fantas\u00edas&quot;.<\/p>\n<h2>La cr\u00edtica de Roberto Lavagna al kirchnerismo por el juicio pol\u00edtico a la Corte Suprema<\/h2>\n<p>Hace diez d\u00edas, despu\u00e9s de un largo per\u00edodo sin expresiones p\u00fablicas, Roberto Lavagna opin\u00f3 sobre el juicio pol\u00edtico a la Corte igual que el gobernador peronista de C\u00f3rdoba, Juan Schiaretti.<\/p>\n<p>&quot;Siempre nos opusimos al Juicio Pol\u00edtico a la Corte, porque pretende condicionar a la Justicia&quot;, remarc\u00f3 el dos veces candidato presidencial Roberto Lavagna.<\/p>\n<p>&quot;Coherente con ello, en Comisi\u00f3n de Juicio Pol\u00edtico nuestro diputado Alejandro &quot;Topo&quot; Rodr\u00edguez rechaz\u00f3 todos los expedientes acusatorios&quot;, sigui\u00f3 el ex ministro, cuyo hijo Marco integra el Frente de Todos.<\/p>\n<p><img decoding=\"async\" alt=\"Lavagna y Massa juntos en 2019, antes de que el ex intendente de Tigre entre al Frente de Todos. Foto: Fabi\u00e1n Gastiarena\" src=\"https:\/\/www.clarin.com\/img\/2019\/04\/03\/OIgCRgoBM_720x0__1.jpg\"\/>Lavagna y Massa juntos en 2019, antes de que el ex intendente de Tigre entre al Frente de Todos. Foto: Fabi\u00e1n Gastiarena<\/p>\n<p>En abril del a\u00f1o pasado, el ex ministro de Econom\u00eda se manifest\u00f3 a favor de que el Consejo de la Magistratura sea presidido por el presidente de la Corte Suprema, en l\u00ednea con lo propuesto por la oposici\u00f3n.<\/p>\n<p>&quot;En la Argentina no hay cuatro poderes constitucionales, sino tres. Cada uno de ellos debe ser respetado en su independencia y competencias. El #ConsejodelaMagistratura pertenece al \u00e1rea judicial y es natural que sea presidido por el Presidente de la #CorteSupremadeJusticia de la Naci\u00f3n&quot;, public\u00f3 Lavagna.<\/p>\n<p><img decoding=\"async\" alt=\"Sergio Massa, Margarita Stolbizer y Roberto Lavagna, en 2017. Foto: Germ\u00e1n Garc\u00eda Adrasti\" src=\"https:\/\/www.clarin.com\/img\/2019\/06\/17\/cfHkTKJa1_720x0__1.jpg\"\/>Sergio Massa, Margarita Stolbizer y Roberto Lavagna, en 2017. Foto: Germ\u00e1n Garc\u00eda Adrasti<\/p>\n<p><em>DB<\/em><\/p>\n","protected":false},"excerpt":{"rendered":"<p>Roberto Lavagna ratific\u00f3 que apoyar\u00e1 a Sergio Massa: &#8220;Gobernar es crear con conocimiento y coraje, sin improvisaciones ni fantas\u00edas&#8221;Apenas 10 d\u00edas despu\u00e9s de su cr\u00edtica al kirchnerismo por el juicio pol\u00edtico a la Corte Suprema de Justicia, el ex ministro de Econom\u00eda y ex candidato presidencial en 2019, Roberto Lavagna adelant\u00f3 que votar\u00e1 a Sergio Massa en el balotaje y desliz\u00f3 cr\u00edticas a Javier Milei: &#8220;Gobernar es crear con conocimiento y coraje, sin improvisaciones ni fantas\u00edas&#8221;.<br \/>\n&#8220;Como ciudadano he cre\u00eddo y creo que nuestra sociedad necesita, urgente, trabajar en los consensos y buscar gobiernos de unidad nacional para un conjunto de temas claves. Es esencial cerrar la grieta extremista de izquierda y de derecha y juntarse en un centro progresista que atraiga e incorpore a parte de quienes se dejaron ganar por la idea de concebir a la pol\u00edtica como conflicto permanente&#8221;, poste\u00f3 el ex ministro en un hilo de la red social &#8220;X&#8221;.<br \/>\nLuego, destac\u00f3: &#8220;Es esencial para construir un futuro normal..<\/p>\n","protected":false},"author":2,"featured_media":11975,"comment_status":"","ping_status":"","sticky":false,"template":"","format":"standard","meta":{"footnotes":""},"categories":[7],"tags":[],"_links":{"self":[{"href":"https:\/\/maxradio923.com.ar\/index.php\/wp-json\/wp\/v2\/posts\/11974"}],"collection":[{"href":"https:\/\/maxradio923.com.ar\/index.php\/wp-json\/wp\/v2\/posts"}],"about":[{"href":"https:\/\/maxradio923.com.ar\/index.php\/wp-json\/wp\/v2\/types\/post"}],"author":[{"embeddable":true,"href":"https:\/\/maxradio923.com.ar\/index.php\/wp-json\/wp\/v2\/users\/2"}],"replies":[{"embeddable":true,"href":"https:\/\/maxradio923.com.ar\/index.php\/wp-json\/wp\/v2\/comments?post=11974"}],"version-history":[{"count":0,"href":"https:\/\/maxradio923.com.ar\/index.php\/wp-json\/wp\/v2\/posts\/11974\/revisions"}],"wp:featuredmedia":[{"embeddable":true,"href":"https:\/\/maxradio923.com.ar\/index.php\/wp-json\/wp\/v2\/media\/11975"}],"wp:attachment":[{"href":"https:\/\/maxradio923.com.ar\/index.php\/wp-json\/wp\/v2\/media?parent=11974"}],"wp:term":[{"taxonomy":"category","embeddable":true,"href":"https:\/\/maxradio923.com.ar\/index.php\/wp-json\/wp\/v2\/categories?post=11974"},{"taxonomy":"post_tag","embeddable":true,"href":"https:\/\/maxradio923.com.ar\/index.php\/wp-json\/wp\/v2\/tags?post=11974"}],"curies":[{"name":"wp","href":"https:\/\/api.w.org\/{rel}","templated":true}]}}