{"id":11972,"date":"2023-11-14T17:04:32","date_gmt":"2023-11-14T20:04:32","guid":{"rendered":"https:\/\/maxradio923.com\/index.php\/2023\/11\/14\/los-anos-y-los-dias-lectura-oblicua-ii\/"},"modified":"2023-11-14T17:04:32","modified_gmt":"2023-11-14T20:04:32","slug":"los-anos-y-los-dias-lectura-oblicua-ii","status":"publish","type":"post","link":"https:\/\/maxradio923.com.ar\/index.php\/2023\/11\/14\/los-anos-y-los-dias-lectura-oblicua-ii\/","title":{"rendered":"Los a\u00f1os y los d\u00edas  (Lectura oblicua II)"},"content":{"rendered":"<p>D\u00edas pasados volv\u00ed a incursionar en la biblioteca de mi esposa. Otra vez sin previsi\u00f3n ni objetivo. Lo mejor que tienen estas incursiones es la novedad. Y leer un libro a d\u00fao, aunque diferido. Pasear los ojos por donde antes se posaron los de ella, escuchar su voz en la lectura.<\/p>\n<p>Esta vez me vine con \u201cLos a\u00f1os\u201d, de Annie Ernaux. Ya sabemos, escritora francesa, premio Nobel 2022, nacida en 1940. Hab\u00eda varios libros de ella, y no me equivoqu\u00e9 con el que eleg\u00ed. O cuando ese libro, esa autora, <strong>me eligieron de la mano de mi esposa.<\/strong><\/p>\n<p>Dicen que los libros son una especie de <strong>conversaci\u00f3n diferida, un mon\u00f3logo que inicia el autor confiando en que alg\u00fan d\u00eda un lector lo transformar\u00e1 en di\u00e1logo.<\/strong> Puede ser. Siempre que abrimos un libro la voz del autor se levanta en el aire, y el mundo que escribi\u00f3 nos rodea. Eso pasa. Y tambi\u00e9n que cada lector lee con s\u00ed y para s\u00ed lo escrito, con su historia y su sensibilidad. Porque cada uno lee, finalmente, un libro \u00fanico. No es un di\u00e1logo de ida y vuelta. El autor puede llevar muerto a\u00f1os, o no enterarse jam\u00e1s, como Ernaux en este caso, de este lector concreto en un pa\u00eds remoto. Es un di\u00e1logo en tanto hay algo m\u00e1s que una recepci\u00f3n del libro le\u00eddo. Se trata, como en la m\u00fasica, de una interpretaci\u00f3n, del lector como int\u00e9rprete de una melod\u00eda brindada por el autor.<\/p>\n<p>Esta vez sucedi\u00f3 algo m\u00e1s. La voz de este libro era la de mi esposa, y a su vez hablaba por m\u00ed. Incluso bien podr\u00eda ser mi historia. M\u00e1s que en los detalles biogr\u00e1ficos, en los ritmos y tonos que toma toda biograf\u00eda para tener sentido. Recordemos, Ernaux, en este libro, narra lo que podr\u00eda ser su biograf\u00eda. No tiene pretensiones de autobiograf\u00eda, creo, sino de relatar su experiencia de vida a lo largo de los a\u00f1os. Que los hechos narrados sean la verdad de su historia, es otra cosa. <strong>Suenan verdaderos en tanto los aceptamos como ficci\u00f3n.<\/strong><\/p>\n<p>Se me dir\u00e1 que todos los libros de ficci\u00f3n son verdaderos de ese modo. Pero este tiene el modo de una generaci\u00f3n que conozco, de una mujer que conozco, de una historia que bien podr\u00eda ser la nuestra. Trato de explicarme: si oigo hablar a la autora, mientras despliega su historia, su voz me llega desincronizada, como a destiempo y con nuestro acento. La autora me lleva quince a\u00f1os, y a mi esposa, veinte; la vida que narra sucede en Francia \u00bfpor qu\u00e9 escucho nuestra historia all\u00ed?<\/p>\n<p>Hay un clima de \u00e9poca, y un modo de vivir ese clima de \u00e9poca<strong>. Nos gusta enmarcar nuestra historia con m\u00fasica, con pel\u00edculas. <\/strong>Decimos nos vest\u00edamos as\u00ed, escuch\u00e1bamos tal canci\u00f3n entonces. Sin embargo, este libro me llev\u00f3 a pensar que la \u00e9poca, la historia, nos moldea. Que pone ante nosotros caminos, pero tambi\u00e9n modos de valorarlos, de recorrerlos. Leyendo a Ernaux sent\u00ed eso, una sinfon\u00eda. Con ligeros diferimientos de tiempos, de lugares, de m\u00fasica incluso, cantaba nuestra canci\u00f3n, la cant\u00e1bamos juntos, al glorioso comp\u00e1s que nos hace \u00fanicos.<\/p>\n","protected":false},"excerpt":{"rendered":"<p>D\u00edas pasados volv\u00ed a incursionar en la biblioteca de mi esposa. Otra vez sin previsi\u00f3n ni objetivo. Lo mejor que tienen estas incursiones es la novedad. Y leer un libro a d\u00fao, aunque diferido. Pasear los ojos por donde antes se posaron los de ella, escuchar su voz en la lectura.<br \/>\nEsta vez me vine con \u201cLos a\u00f1os\u201d, de Annie Ernaux. Ya sabemos, escritora francesa, premio Nobel 2022, nacida en 1940. Hab\u00eda varios libros de ella, y no me equivoqu\u00e9 con el que eleg\u00ed. O cuando ese libro, esa autora, me eligieron de la mano de mi esposa.<br \/>\nDicen que los libros son una especie de conversaci\u00f3n diferida, un mon\u00f3logo que inicia el autor confiando en que alg\u00fan d\u00eda un lector lo transformar\u00e1 en di\u00e1logo. Puede ser. Siempre que abrimos un libro la voz del autor se levanta en el aire, y el mundo que escribi\u00f3 nos rodea. Eso pasa. Y tambi\u00e9n que cada lector lee con s\u00ed y para s\u00ed lo escrito, con su historia y su sensibilidad. Porque cada uno lee, finalmente, un libro \u00fanico. No es un di\u00e1logo de ida y vuelta. El aut..<\/p>\n","protected":false},"author":2,"featured_media":11973,"comment_status":"","ping_status":"","sticky":false,"template":"","format":"standard","meta":{"footnotes":""},"categories":[9],"tags":[],"_links":{"self":[{"href":"https:\/\/maxradio923.com.ar\/index.php\/wp-json\/wp\/v2\/posts\/11972"}],"collection":[{"href":"https:\/\/maxradio923.com.ar\/index.php\/wp-json\/wp\/v2\/posts"}],"about":[{"href":"https:\/\/maxradio923.com.ar\/index.php\/wp-json\/wp\/v2\/types\/post"}],"author":[{"embeddable":true,"href":"https:\/\/maxradio923.com.ar\/index.php\/wp-json\/wp\/v2\/users\/2"}],"replies":[{"embeddable":true,"href":"https:\/\/maxradio923.com.ar\/index.php\/wp-json\/wp\/v2\/comments?post=11972"}],"version-history":[{"count":0,"href":"https:\/\/maxradio923.com.ar\/index.php\/wp-json\/wp\/v2\/posts\/11972\/revisions"}],"wp:featuredmedia":[{"embeddable":true,"href":"https:\/\/maxradio923.com.ar\/index.php\/wp-json\/wp\/v2\/media\/11973"}],"wp:attachment":[{"href":"https:\/\/maxradio923.com.ar\/index.php\/wp-json\/wp\/v2\/media?parent=11972"}],"wp:term":[{"taxonomy":"category","embeddable":true,"href":"https:\/\/maxradio923.com.ar\/index.php\/wp-json\/wp\/v2\/categories?post=11972"},{"taxonomy":"post_tag","embeddable":true,"href":"https:\/\/maxradio923.com.ar\/index.php\/wp-json\/wp\/v2\/tags?post=11972"}],"curies":[{"name":"wp","href":"https:\/\/api.w.org\/{rel}","templated":true}]}}