{"id":11970,"date":"2023-11-14T17:04:31","date_gmt":"2023-11-14T20:04:31","guid":{"rendered":"https:\/\/maxradio923.com\/index.php\/2023\/11\/14\/denuncian-que-aumento-el-antisemitismo-en-algunas-facultades-de-la-uba-y-piden-a-las-autoridades-que-intervengan\/"},"modified":"2023-11-14T17:04:31","modified_gmt":"2023-11-14T20:04:31","slug":"denuncian-que-aumento-el-antisemitismo-en-algunas-facultades-de-la-uba-y-piden-a-las-autoridades-que-intervengan","status":"publish","type":"post","link":"https:\/\/maxradio923.com.ar\/index.php\/2023\/11\/14\/denuncian-que-aumento-el-antisemitismo-en-algunas-facultades-de-la-uba-y-piden-a-las-autoridades-que-intervengan\/","title":{"rendered":"Denuncian que aument\u00f3 el antisemitismo en algunas facultades de la UBA y piden a las autoridades que intervengan"},"content":{"rendered":"<p>Denuncian que aument\u00f3 el antisemitismo en algunas facultades de la UBA y piden a las autoridades que intervengan <\/p>\n<p>Un grupo de estudiantes y docentes jud\u00edos de la Universidad de Buenos Aires (UBA), por medio de una carta elevada a las autoridades educativas, alertan sobre el crecimiento exponencial de <strong>expresiones y consignas antisemitas en varias facultades<\/strong>, a partir del ataque terrorista perpetuado por Hamas en la fronte de Gaza con Israel.<\/p>\n<p>El texto asegura que hay varias facultades p\u00fablicas afectadas por esta situaci\u00f3n. Denuncia que aumentaron las <strong>pintadas en paredes y aulas con expresiones de odio hacia los jud\u00edos<\/strong> y tambi\u00e9n se multiplicaron los carteles ideol\u00f3gicos con mensajes antisemitas, en su mayor\u00eda colocados por <strong>sectores de izquierda<\/strong>.<\/p>\n<p>Nicol\u00e1s Luna, docente de la Facultad de Ciencias Sociales, comenta que &quot;la UBA deber\u00eda ser un espacio plural, democr\u00e1tico y abierto&quot; pero que desde los ataques terroristas &quot;comenzaron multiplicarse los carteles justificando la acci\u00f3n de Hamas, donde se iguala al sionismo con el nazismo&quot;.<\/p>\n<p>&quot;A partir de estas situaciones, empezamos a sentirnos menos seguros. Hubo estudiantes jud\u00edos que se vieron afectados personalmente por esta situaci\u00f3n. No queremos permitir que la universidad p\u00fablica y laica sea ocupada por grupos que no representan a nadie y usan el miedo y la<strong> reivindicaci\u00f3n de organizaciones terroristas<\/strong> para amedrentar a grupos minoritarios&quot;, agreg\u00f3 Luna.<\/p>\n<p>Acusan principalmente al <strong>Partido Obrero<\/strong> de organizar estos ataques. &quot;Nos dicen que somos colonialistas y genocidas, lo cual es inaceptable&quot;, manifiesta Nicol\u00e1s. Y agrega que en las \u00faltimas semanas tambi\u00e9n aumentaron las amenazas an\u00f3nimas en las redes sociales. &quot;Nos dicen barbaridades como que &#039;Hitler no termin\u00f3 su trabajo&#039; y que ahora es el momento de hacerlo&quot;.<\/p>\n<p>Luc\u00eda Kierko, estudiante en la Facultad de Filosof\u00eda y Letras, cuenta que los estudiantes jud\u00edos de esa universidad temen por su seguridad debido al aumento de expresiones antisemitas cada vez m\u00e1s violentas.  <\/p>\n<p>&quot;La facultad de <strong>Filosof\u00eda nunca fue muy hospitalaria para la comunidad jud\u00eda<\/strong>. Desde que empezamos a cursar nos encontramos con <strong>esv\u00e1sticas en todos lados<\/strong>. Siempre hubo pintadas en paredes y bancos contra la comunidad jud\u00eda. O textos acad\u00e9micos que atacaban al Estado de Israel pero usando err\u00f3neamente la palabra jud\u00edos. Eso era lo normal. Pero a partir del ataque de Hamas, eso creci\u00f3 exponencialmente&quot;, dijo Luc\u00eda<\/p>\n<p>&quot;Empezamos a tener miedo de ir a la facultad. Para protegernos, organizamos un grupo de estudiantes para levantar la bandera de paz. Queremos dejar en claro que no usamos la bandera de Israel. Somos j\u00f3venes jud\u00edos por la paz&quot;, comenta la joven.<\/p>\n<p>Con esa consigna, pegaron carteles informativos pidiendo por los rehenes de Hamas. &quot;Pero la respuesta que tuvimos fue preocupante y triste. De los 200 stickers que pegamos no qued\u00f3 ninguno. A las pocas horas los hab\u00edan arrancado a todos&quot;, asegura Luc\u00eda. <\/p>\n<p>Ante los ataques, fueron a pedirle al decanato que intervenga en la situaci\u00f3n. &quot;Nos dieron la bienvenida. Y nos dijeron que iban a publicar un comunicado repudiando esta situaci\u00f3n. Pero ya<strong> pasaron tres semanas y a\u00fan no dijeron nada<\/strong>&quot;, remarca la estudiante.<\/p>\n<p>Denuncian que hay carteles y letreros en varias facultades de la UBA, en especial Letras, Sociales y Medicina, donde se dice que &quot;Israel es un estado genocida&quot; o  &quot;reivindicando el terrorismo de Hamas&quot;. <\/p>\n<p>&quot;Es importante que las autoridades condenen los ataques de Hamas y los ataques antisemitas en la facultad. Nosotros deber\u00edamos ir a cursar sin miedo&quot;. Luc\u00eda dice que da miedo decir &quot;soy jud\u00eda&quot; o &quot;llevar un collarcito con una estrella de David&quot;. &quot;Hubo muchos compa\u00f1eros que no lo usan por temor a que les pase algo. Evitamos pasar por ciertos pasillos o hablar con ciertas personas. Estamos siendo obligados a ocultar nuestra identidad. Lamentablemente, muchos confunden el gobierno de ultra derecha de Netanyahu con el pueblo jud\u00edo&quot;.<\/p>\n<p>Florencia Kaplun, estudiante de Derecho e integrante de la Asociaci\u00f3n de Universitarios Jud\u00edos, cuenta que vivi\u00f3 en carne propia insultos y expresiones antisemitas. &quot;Cuando est\u00e1bamos pegando los carteles pidiendo por los secuestrados, cuatro chicos que estaban en la mesa del Frente de Izquierda nos gritaron genocidas&quot;.<\/p>\n<p>Asegura que la gran mayor\u00eda de los estudiantes jud\u00edos teme por su vida. &quot;Tengo amigos que no est\u00e1n yendo a cursar para evitar encontrarse con personas o comentarios antisemitas&quot;. Dice que en Psicolog\u00eda ocurri\u00f3 algo muy grave: &quot;Un profesor ech\u00f3 a una chica jud\u00eda de la clase cuando estaban debatiendo sobre el conflicto en Franja de Gaza&quot;.<\/p>\n<p>En la carta se record\u00f3 que la UBA, por Resoluci\u00f3n RES-UBA 287\/2020, adhiri\u00f3 a la definici\u00f3n de <strong>antisemitismo<\/strong>, hecho que casualmente se dio un 7 de octubre, tres a\u00f1os antes de la masacre.<\/p>\n<p>La resoluci\u00f3n publicada entonces por el sitio oficial de la Universidad afirma que \u201cel antisemitismo es una cierta percepci\u00f3n de los jud\u00edos, que puede expresarse como <strong>odio hacia los jud\u00edos<\/strong>. Las manifestaciones f\u00edsicas y ret\u00f3ricas del antisemitismo se dirigen a las personas jud\u00edas o no jud\u00edas y \/ o a sus bienes, a las instituciones de la comunidad jud\u00eda y a sus lugares de culto\u201d.<\/p>\n<p>&quot;Recordemos que la masacre perpetrada por el Hamas, con apoyo de la Yihad Isl\u00e1mica, implic\u00f3<strong> infanticidios, femicidios, violaciones y secuestros de beb\u00e9s<\/strong>, entre otras acciones desgarradoras hacia poblaci\u00f3n civil que bailaba en una fiesta por la paz o dorm\u00eda en sus casas. Los estudiantes se organizaron para armar carteles con un c\u00f3digo QR, para aportar informaci\u00f3n sobre lo que est\u00e1 sucediendo en Medio Oriente bajo el t\u00edtulo &quot;Militemos Paz&quot; y con el pedido de uni\u00f3n en ese reclamo. Sin embargo, el material fue arrancado en tan solo diez minutos&quot;, denuncian los estudiantes y docentes jud\u00edos su carta p\u00fablica a las autoridades acad\u00e9micas.<\/p>\n<p><em>MG<\/em><\/p>\n","protected":false},"excerpt":{"rendered":"<p>Denuncian que aument\u00f3 el antisemitismo en algunas facultades de la UBA y piden a las autoridades que intervengan Un grupo de estudiantes y docentes jud\u00edos de la Universidad de Buenos Aires (UBA), por medio de una carta elevada a las autoridades educativas, alertan sobre el crecimiento exponencial de expresiones y consignas antisemitas en varias facultades, a partir del ataque terrorista perpetuado por Hamas en la fronte de Gaza con Israel.<br \/>\nEl texto asegura que hay varias facultades p\u00fablicas afectadas por esta situaci\u00f3n. Denuncia que aumentaron las pintadas en paredes y aulas con expresiones de odio hacia los jud\u00edos y tambi\u00e9n se multiplicaron los carteles ideol\u00f3gicos con mensajes antisemitas, en su mayor\u00eda colocados por sectores de izquierda.<br \/>\nNicol\u00e1s Luna, docente de la Facultad de Ciencias Sociales, comenta que &#8220;la UBA deber\u00eda ser un espacio plural, democr\u00e1tico y abierto&#8221; pero que desde los ataques terroristas &#8220;comenzaron multiplicarse los carteles justificando la acci\u00f3n de Hamas, dond..<\/p>\n","protected":false},"author":2,"featured_media":11971,"comment_status":"","ping_status":"","sticky":false,"template":"","format":"standard","meta":{"footnotes":""},"categories":[9],"tags":[],"_links":{"self":[{"href":"https:\/\/maxradio923.com.ar\/index.php\/wp-json\/wp\/v2\/posts\/11970"}],"collection":[{"href":"https:\/\/maxradio923.com.ar\/index.php\/wp-json\/wp\/v2\/posts"}],"about":[{"href":"https:\/\/maxradio923.com.ar\/index.php\/wp-json\/wp\/v2\/types\/post"}],"author":[{"embeddable":true,"href":"https:\/\/maxradio923.com.ar\/index.php\/wp-json\/wp\/v2\/users\/2"}],"replies":[{"embeddable":true,"href":"https:\/\/maxradio923.com.ar\/index.php\/wp-json\/wp\/v2\/comments?post=11970"}],"version-history":[{"count":0,"href":"https:\/\/maxradio923.com.ar\/index.php\/wp-json\/wp\/v2\/posts\/11970\/revisions"}],"wp:featuredmedia":[{"embeddable":true,"href":"https:\/\/maxradio923.com.ar\/index.php\/wp-json\/wp\/v2\/media\/11971"}],"wp:attachment":[{"href":"https:\/\/maxradio923.com.ar\/index.php\/wp-json\/wp\/v2\/media?parent=11970"}],"wp:term":[{"taxonomy":"category","embeddable":true,"href":"https:\/\/maxradio923.com.ar\/index.php\/wp-json\/wp\/v2\/categories?post=11970"},{"taxonomy":"post_tag","embeddable":true,"href":"https:\/\/maxradio923.com.ar\/index.php\/wp-json\/wp\/v2\/tags?post=11970"}],"curies":[{"name":"wp","href":"https:\/\/api.w.org\/{rel}","templated":true}]}}