{"id":11964,"date":"2023-11-14T16:14:14","date_gmt":"2023-11-14T19:14:14","guid":{"rendered":"https:\/\/maxradio923.com\/index.php\/2023\/11\/14\/alberto-nunez-feijoo-lider-del-pp-pedro-sanchez-no-puede-basar-su-investidura-en-una-ilegalidad\/"},"modified":"2023-11-14T16:14:14","modified_gmt":"2023-11-14T19:14:14","slug":"alberto-nunez-feijoo-lider-del-pp-pedro-sanchez-no-puede-basar-su-investidura-en-una-ilegalidad","status":"publish","type":"post","link":"https:\/\/maxradio923.com.ar\/index.php\/2023\/11\/14\/alberto-nunez-feijoo-lider-del-pp-pedro-sanchez-no-puede-basar-su-investidura-en-una-ilegalidad\/","title":{"rendered":"Alberto N\u00fa\u00f1ez Feij\u00f3o, l\u00edder del PP: &#8220;Pedro S\u00e1nchez no puede basar su investidura en una ilegalidad&#8221;"},"content":{"rendered":"<p>Alberto N\u00fa\u00f1ez Feij\u00f3o, l\u00edder del PP: &quot;Pedro S\u00e1nchez no puede basar su investidura en una ilegalidad&quot; <\/p>\n<p>A menos de 24 horas del debate parlamentario en el que Pedro S\u00e1nchez volver\u00e1 a ser elegido presidente del gobierno de Espa\u00f1a, los partidos de la oposici\u00f3n <strong>intentan maniobras de \u00faltimo momento para impedirlo.<\/strong><\/p>\n<p>La extrema derecha de Vox, la tercera fuerza pol\u00edtica espa\u00f1ola, solicit\u00f3 este martes al Tribunal Supremo <strong>que suspenda,<\/strong> de manera cautelar, la investidura de S\u00e1nchez por los pactos acordados con el independentismo catal\u00e1n a cambio de que apoyen su reelecci\u00f3n.<\/p>\n<p>Y el Partido Popular (PP) le pide al presidente en funciones y candidato del PSOE que no se presente y facilite una repetici\u00f3n electoral.<\/p>\n<p>\u201cLo que le digo al se\u00f1or S\u00e1nchez es que deje hablar a la gente y<strong> que retire su investidura<\/strong>\u201d, postul\u00f3 este martes el presidente del PP, Alberto N\u00fa\u00f1ez Feij\u00f3o, a un grupo de corresponsales extranjeros entre los que estaba <strong>Clar\u00edn.<\/strong><\/p>\n<p>Porque si Espa\u00f1a no tiene un gobierno antes del 27 de noviembre, fecha en la que se cumplen dos meses desde el primer intento de formarlo -cuando el candidato era N\u00fa\u00f1ez Feij\u00f3o y no consigui\u00f3 los apoyos suficientes para que el Congreso lo designe jefe del gobierno-, el Parlamento se disuelve autom\u00e1ticamente y <strong>los espa\u00f1oles deben volver a las urnas en enero.<\/strong><\/p>\n<p>\u201cEl plazo acaba la semana que viene y vamos a elecciones el 14 de enero -explicaba el l\u00edder del PP-. S\u00e1nchez no puede basar su investidura en una ilegalidad\u201d.<\/p>\n<p>N\u00fa\u00f1ez Feij\u00f3o <strong>llama ilegalidad a la propuesta de ley de amnist\u00eda<\/strong> que el PSOE present\u00f3 el lunes en el Congreso como parte de las concesiones que el Partido Socialista acord\u00f3 con el independentismo catal\u00e1n a cambio de que voten a favor de la investidura de S\u00e1nchez en el Parlamento.<\/p>\n<p>La amnist\u00eda pactada<strong> beneficia a m\u00e1s de 300 personas<\/strong> con causas judiciales abiertas por haber participado o favorecido la consulta popular de 2014 en Catalu\u00f1a, el refer\u00e9ndum de autodeterminaci\u00f3n ilegal de 2017 y la declaraci\u00f3n unilateral de independencia de ese mismo a\u00f1o.<\/p>\n<p>El PP considera que la propuesta de ley est\u00e1 dise\u00f1ada a medida del ex presidente catal\u00e1n Carles Puigdemont, quien presid\u00eda la Generalitat en 2017 y que, al huir de Espa\u00f1a para esquivar la c\u00e1rcel, se convirti\u00f3 en un pr\u00f3fugo de la justicia en su pa\u00eds.<\/p>\n<p>Desde Bruselas, donde se refugia desde hace seis a\u00f1os, Puigdemont lidera Junts per Catalunya, el partido independentista de derecha que cuenta en el Parlamento con siete diputados, <strong>indispensables para alcanzar la mayor\u00eda que busca Pedro S\u00e1nchez.<\/strong><\/p>\n<h2>La amnist\u00eda, seg\u00fan el PP<\/h2>\n<p>\u201cDesde el punto de vista pol\u00edtico, la amnist\u00eda nos parece una aberraci\u00f3n democr\u00e1tica -dijo N\u00fa\u00f1ez Feij\u00f3o-. Desde el punto de vista moral, <strong>nos parece una indecencia<\/strong>. Y desde el punto de vista jur\u00eddico, es una ilegalidad.\u201d<\/p>\n<p><img decoding=\"async\" alt=\"Pedro S\u00e1nchez, en el Parlamento de Espa\u00f1a. Foto AP\" src=\"https:\/\/www.clarin.com\/img\/2023\/11\/14\/_dYrXnkOI_720x0__1.jpg\"\/>Pedro S\u00e1nchez, en el Parlamento de Espa\u00f1a. Foto AP<\/p>\n<p>\u201cEn la campa\u00f1a electoral hab\u00eda dos lineas rojas: la amnist\u00eda y el refer\u00e9ndum de autodeterminaci\u00f3n\u201d, repas\u00f3 el l\u00edder del PP.<\/p>\n<p>\u201cEsto e<strong>s una burla a 11 millones de ciudadanos<\/strong> que se manifestaron por el cambio\u201d, se\u00f1al\u00f3 en referencia a quienes en las elecciones generales de julio votaron al PP y a Vox.<\/p>\n<p>\u201cY un menosprecio y una humillaci\u00f3n a la mayor\u00eda de los votantes del Partido Socialista, que votaron con la idea de que no habr\u00eda amnist\u00eda\u201d, agreg\u00f3.<\/p>\n<p><strong>\u201cPor lo tanto esto es un fraude electoral\u201d<\/strong>, resumi\u00f3 N\u00fa\u00f1ez Feij\u00f3o.<\/p>\n<p>Para el presidente del PP, la amnist\u00eda \u201ces un pago directo por los votos necesarios para la presidencia del gobierno. \u00bfY qui\u00e9n paga? Primero, los ciudadanos espa\u00f1oles y tambi\u00e9n lo paga Europa\u201d.<\/p>\n<p><strong>\u201cEl deterioro de una democracia como la espa\u00f1ola<\/strong>, que es la cuarta econom\u00eda del euro, es evidente que tendr\u00e1 repercusi\u00f3n para las instituciones europeas.\u201d<\/p>\n<p>Desde lo institucional y econ\u00f3mico, la aprobaci\u00f3n de una ley de amnist\u00eda, seg\u00fan el PP, es atentar contra la seguridad jur\u00eddica. <strong>\u201cLas inversiones extranjeras en Espa\u00f1a en los \u00faltimos meses se est\u00e1n desmoronando<\/strong>. Estamos creando una atm\u00f3sfera de inseguridad\u201d, dijo N\u00fa\u00f1ez Feij\u00f3o.<\/p>\n<p>\u201cAqu\u00ed se busca vaciar a Catalu\u00f1a de la presencia del Estado espa\u00f1ol  y unos votos para que la persona que concede esto pueda ponerse al frente del gobierno de Espa\u00f1a\u201d, es la radiograf\u00eda del PP.<\/p>\n<p>\u201cVamos a ver, en los pr\u00f3ximos meses, un refuerzo ins\u00f3lito del independentismo y una debilitaci\u00f3n enorme del estado de las autonom\u00edas\u201d, pronostic\u00f3 N\u00fa\u00f1ez Feij\u00f3o.<\/p>\n<p>\u201cHabr\u00e1 una discriminaci\u00f3n de las comunidades aut\u00f3nomas frente a una de ellas\u201d, agreg\u00f3 en alusi\u00f3n a los beneficios que obtendr\u00e1 Catalu\u00f1a: traspaso de trenes y reducci\u00f3n de una deuda de 15 mil millones de euros con el Estado espa\u00f1ol.<\/p>\n<h2>Protestas<\/h2>\n<p>Otra de las preocupaciones del PP son<strong> las movilizaciones<\/strong> que, desde hace m\u00e1s de una semana, protestan contra la amnist\u00eda, cada noche, en las puertas de las sedes del PSOE en varias ciudades de Espa\u00f1a.<\/p>\n<p>En Madrid, esas concentraciones llegaron a reunir a 8.000 personas. Y no siempre se desarrollan pac\u00edficamente.<\/p>\n<p><strong>\u201cHay un clamor en las calles como no se ha visto nunca <\/strong>desde el atentado a Miguel Angel Blanco (el concejal del PP de 29 a\u00f1os que fue secuestrado y asesinado por la banda terrorista ETA en 1997) -coment\u00f3 N\u00fa\u00f1ez Feij\u00f3o ante los corresponsales-. Algo no visto desde las \u00e9pocas m\u00e1s sangrientas.\u201d<\/p>\n<h2>La querella de Vox<\/h2>\n<p>Este martes, a la salida del antiguo monasterio que es hoy sede del Tribunal Supremo, el l\u00edder de Vox explic\u00f3 que present\u00f3 una querella contra Pedro S\u00e1nchez, el PSOE, Puigdemont y Junts \u201cpor delitos de cohecho, encubrimiento de delitos, usurpaci\u00f3n de funciones del Poder Judicial y negociaciones prohibidas a funcionarios p\u00fablicos\u201d.<\/p>\n<p>\u201cDe manera cautelar solicitamos que se suspenda la investidura de ma\u00f1ana (por el mi\u00e9rcoles), <strong>que se comunique a las Cortes Generales y a su majestad el rey<\/strong>\u201d, dijo Abascal.<\/p>\n<p>\u201cMa\u00f1ana (por el mi\u00e9rcoles) se inicia un per\u00edodo tr\u00e1gico de la historia de Espa\u00f1a si no lo evitamos\u201d, agreg\u00f3.<\/p>\n<p>Sobre los movimientos de Vox para intentar impedir que el mi\u00e9rcoles al mediod\u00eda Pedro S\u00e1nchez ingrese al hemiciclo del Congreso de los Diputados para ser nombrado presidente, Alberto N\u00fa\u00f1ez Feij\u00f3o le coment\u00f3 a <strong>Clar\u00edn<\/strong>:<strong> \u201cNo hay argumento jur\u00eddico para suspender esa investidura\u201d.<\/strong><\/p>\n<p>\u201cAcudir al Estado de derecho siempre es leg\u00edtimo y presentar recursos siempre es leg\u00edtimo -aclar\u00f3-. No lo hemos hecho porque creemos que <strong>no tiene recorrido en el ordenamiento jur\u00eddico espa\u00f1ol\u201d.<\/strong><\/p>\n<p>Pero, sin embargo, asegur\u00f3: \u201cEstamos atentos y activados para presentar recursos, recusaciones, demandas y todo tipo de actuaciones judiciales\u201d.<\/p>\n<p><em>PB<\/em><\/p>\n","protected":false},"excerpt":{"rendered":"<p>Alberto N\u00fa\u00f1ez Feij\u00f3o, l\u00edder del PP: &#8220;Pedro S\u00e1nchez no puede basar su investidura en una ilegalidad&#8221; A menos de 24 horas del debate parlamentario en el que Pedro S\u00e1nchez volver\u00e1 a ser elegido presidente del gobierno de Espa\u00f1a, los partidos de la oposici\u00f3n intentan maniobras de \u00faltimo momento para impedirlo.<br \/>\nLa extrema derecha de Vox, la tercera fuerza pol\u00edtica espa\u00f1ola, solicit\u00f3 este martes al Tribunal Supremo que suspenda, de manera cautelar, la investidura de S\u00e1nchez por los pactos acordados con el independentismo catal\u00e1n a cambio de que apoyen su reelecci\u00f3n.<br \/>\nY el Partido Popular (PP) le pide al presidente en funciones y candidato del PSOE que no se presente y facilite una repetici\u00f3n electoral.<br \/>\n\u201cLo que le digo al se\u00f1or S\u00e1nchez es que deje hablar a la gente y que retire su investidura\u201d, postul\u00f3 este martes el presidente del PP, Alberto N\u00fa\u00f1ez Feij\u00f3o, a un grupo de corresponsales extranjeros entre los que estaba Clar\u00edn.<br \/>\nPorque si Espa\u00f1a no tiene un gobierno antes del 27 de noviembre, fec..<\/p>\n","protected":false},"author":2,"featured_media":11965,"comment_status":"","ping_status":"","sticky":false,"template":"","format":"standard","meta":{"footnotes":""},"categories":[3],"tags":[],"_links":{"self":[{"href":"https:\/\/maxradio923.com.ar\/index.php\/wp-json\/wp\/v2\/posts\/11964"}],"collection":[{"href":"https:\/\/maxradio923.com.ar\/index.php\/wp-json\/wp\/v2\/posts"}],"about":[{"href":"https:\/\/maxradio923.com.ar\/index.php\/wp-json\/wp\/v2\/types\/post"}],"author":[{"embeddable":true,"href":"https:\/\/maxradio923.com.ar\/index.php\/wp-json\/wp\/v2\/users\/2"}],"replies":[{"embeddable":true,"href":"https:\/\/maxradio923.com.ar\/index.php\/wp-json\/wp\/v2\/comments?post=11964"}],"version-history":[{"count":0,"href":"https:\/\/maxradio923.com.ar\/index.php\/wp-json\/wp\/v2\/posts\/11964\/revisions"}],"wp:featuredmedia":[{"embeddable":true,"href":"https:\/\/maxradio923.com.ar\/index.php\/wp-json\/wp\/v2\/media\/11965"}],"wp:attachment":[{"href":"https:\/\/maxradio923.com.ar\/index.php\/wp-json\/wp\/v2\/media?parent=11964"}],"wp:term":[{"taxonomy":"category","embeddable":true,"href":"https:\/\/maxradio923.com.ar\/index.php\/wp-json\/wp\/v2\/categories?post=11964"},{"taxonomy":"post_tag","embeddable":true,"href":"https:\/\/maxradio923.com.ar\/index.php\/wp-json\/wp\/v2\/tags?post=11964"}],"curies":[{"name":"wp","href":"https:\/\/api.w.org\/{rel}","templated":true}]}}